
{"id":29417,"date":"2023-02-18T18:19:00","date_gmt":"2023-02-18T18:19:00","guid":{"rendered":"https:\/\/www.lejournalduforkane.com\/?p=29417"},"modified":"2023-02-22T18:20:49","modified_gmt":"2023-02-22T18:20:49","slug":"expulsion-de-la-delegation-israelienne-du-sommet-de-lunion-africaine-en-ethiopie","status":"publish","type":"post","link":"https:\/\/www.lejournalduforkane.com\/index.php\/expulsion-de-la-delegation-israelienne-du-sommet-de-lunion-africaine-en-ethiopie\/","title":{"rendered":"Expulsion de la d\u00e9l\u00e9gation isra\u00e9lienne du Sommet de l&rsquo;Union Africaine en\u00a0Ethiopie."},"content":{"rendered":"<div class=\"x11i5rnm xat24cr x1mh8g0r x1vvkbs xdj266r\">\n<div dir=\"auto\">Expulsion de la d\u00e9l\u00e9gation isra\u00e9lienne du Sommet de l&rsquo;Union Africaine en\u00a0Ethiopie.<\/div>\n<\/div>\n<div class=\"x11i5rnm xat24cr x1mh8g0r x1vvkbs xtlvy1s\">\n<div dir=\"auto\">Bravo l&rsquo;Alg\u00e9rie et l&rsquo;Afrique du sud !<\/div>\n<\/div>\n\n\n<iframe loading=\"lazy\" src=\"https:\/\/www.facebook.com\/plugins\/video.php?height=476&#038;href=https%3A%2F%2Fwww.facebook.com%2Fle.journal.du.forqane%2Fvideos%2F1609614989464469%2F&#038;show_text=false&#038;width=268&#038;t=0\" width=\"268\" height=\"476\" style=\"border:none;overflow:hidden\" scrolling=\"no\" frameborder=\"0\" allowfullscreen=\"true\" allow=\"autoplay; clipboard-write; encrypted-media; picture-in-picture; web-share\" allowFullScreen=\"true\"><\/iframe>\n","protected":false},"excerpt":{"rendered":"<p>Expulsion de la d\u00e9l\u00e9gation isra\u00e9lienne du Sommet de l&rsquo;Union Africaine en\u00a0Ethiopie. Bravo l&rsquo;Alg\u00e9rie et l&rsquo;Afrique du sud !<\/p>\n","protected":false},"author":2,"featured_media":29418,"comment_status":"closed","ping_status":"open","sticky":false,"template":"","format":"standard","meta":[],"categories":[],"tags":[],"_links":{"self":[{"href":"https:\/\/www.lejournalduforkane.com\/index.php\/wp-json\/wp\/v2\/posts\/29417"}],"collection":[{"href":"https:\/\/www.lejournalduforkane.com\/index.php\/wp-json\/wp\/v2\/posts"}],"about":[{"href":"https:\/\/www.lejournalduforkane.com\/index.php\/wp-json\/wp\/v2\/types\/post"}],"author":[{"embeddable":true,"href":"https:\/\/www.lejournalduforkane.com\/index.php\/wp-json\/wp\/v2\/users\/2"}],"replies":[{"embeddable":true,"href":"https:\/\/www.lejournalduforkane.com\/index.php\/wp-json\/wp\/v2\/comments?post=29417"}],"version-history":[{"count":1,"href":"https:\/\/www.lejournalduforkane.com\/index.php\/wp-json\/wp\/v2\/posts\/29417\/revisions"}],"predecessor-version":[{"id":29419,"href":"https:\/\/www.lejournalduforkane.com\/index.php\/wp-json\/wp\/v2\/posts\/29417\/revisions\/29419"}],"wp:featuredmedia":[{"embeddable":true,"href":"https:\/\/www.lejournalduforkane.com\/index.php\/wp-json\/wp\/v2\/media\/29418"}],"wp:attachment":[{"href":"https:\/\/www.lejournalduforkane.com\/index.php\/wp-json\/wp\/v2\/media?parent=29417"}],"wp:term":[{"taxonomy":"category","embeddable":true,"href":"https:\/\/www.lejournalduforkane.com\/index.php\/wp-json\/wp\/v2\/categories?post=29417"},{"taxonomy":"post_tag","embeddable":true,"href":"https:\/\/www.lejournalduforkane.com\/index.php\/wp-json\/wp\/v2\/tags?post=29417"}],"curies":[{"name":"wp","href":"https:\/\/api.w.org\/{rel}","templated":true}]}}