
{"id":29420,"date":"2023-02-18T18:20:00","date_gmt":"2023-02-18T18:20:00","guid":{"rendered":"https:\/\/www.lejournalduforkane.com\/?p=29420"},"modified":"2023-02-22T18:23:47","modified_gmt":"2023-02-22T18:23:47","slug":"la-maire-de-barcelone-rompt-tout-lien-avec-israel-y-compris-laccord-de-jumelage-avec-tel-aviv","status":"publish","type":"post","link":"https:\/\/www.lejournalduforkane.com\/index.php\/la-maire-de-barcelone-rompt-tout-lien-avec-israel-y-compris-laccord-de-jumelage-avec-tel-aviv\/","title":{"rendered":"La Maire de Barcelone rompt tout lien avec Isra\u00ebl, y compris l\u2019accord de jumelage avec Tel-Aviv"},"content":{"rendered":"<p>La Maire de Barcelone rompt tout lien avec Isra\u00ebl, y compris l\u2019accord de jumelage avec Tel-Aviv,\u00a0jusqu&rsquo;\u00e0 ce que les droits des Palestiniens soient respect\u00e9s: \u00ab Nous appelons le monde entier \u00e0 nous suivre et \u00e0 mettre fin \u00e0 l&rsquo;apartheid isra\u00e9lien ! \u00bb<\/p>\n\n\n<iframe loading=\"lazy\" src=\"https:\/\/www.facebook.com\/plugins\/video.php?height=314&#038;href=https%3A%2F%2Fwww.facebook.com%2Fle.journal.du.forqane%2Fvideos%2F745486106855547%2F&#038;show_text=false&#038;width=560&#038;t=0\" width=\"560\" height=\"314\" style=\"border:none;overflow:hidden\" scrolling=\"no\" frameborder=\"0\" allowfullscreen=\"true\" allow=\"autoplay; clipboard-write; encrypted-media; picture-in-picture; web-share\" allowFullScreen=\"true\"><\/iframe>\n","protected":false},"excerpt":{"rendered":"<p>La Maire de Barcelone rompt tout lien avec Isra\u00ebl, y compris l\u2019accord de jumelage avec Tel-Aviv,\u00a0jusqu&rsquo;\u00e0 ce que les droits des Palestiniens soient respect\u00e9s: \u00ab Nous appelons le monde entier<\/p>\n","protected":false},"author":2,"featured_media":29421,"comment_status":"closed","ping_status":"open","sticky":false,"template":"","format":"standard","meta":[],"categories":[],"tags":[],"_links":{"self":[{"href":"https:\/\/www.lejournalduforkane.com\/index.php\/wp-json\/wp\/v2\/posts\/29420"}],"collection":[{"href":"https:\/\/www.lejournalduforkane.com\/index.php\/wp-json\/wp\/v2\/posts"}],"about":[{"href":"https:\/\/www.lejournalduforkane.com\/index.php\/wp-json\/wp\/v2\/types\/post"}],"author":[{"embeddable":true,"href":"https:\/\/www.lejournalduforkane.com\/index.php\/wp-json\/wp\/v2\/users\/2"}],"replies":[{"embeddable":true,"href":"https:\/\/www.lejournalduforkane.com\/index.php\/wp-json\/wp\/v2\/comments?post=29420"}],"version-history":[{"count":1,"href":"https:\/\/www.lejournalduforkane.com\/index.php\/wp-json\/wp\/v2\/posts\/29420\/revisions"}],"predecessor-version":[{"id":29422,"href":"https:\/\/www.lejournalduforkane.com\/index.php\/wp-json\/wp\/v2\/posts\/29420\/revisions\/29422"}],"wp:featuredmedia":[{"embeddable":true,"href":"https:\/\/www.lejournalduforkane.com\/index.php\/wp-json\/wp\/v2\/media\/29421"}],"wp:attachment":[{"href":"https:\/\/www.lejournalduforkane.com\/index.php\/wp-json\/wp\/v2\/media?parent=29420"}],"wp:term":[{"taxonomy":"category","embeddable":true,"href":"https:\/\/www.lejournalduforkane.com\/index.php\/wp-json\/wp\/v2\/categories?post=29420"},{"taxonomy":"post_tag","embeddable":true,"href":"https:\/\/www.lejournalduforkane.com\/index.php\/wp-json\/wp\/v2\/tags?post=29420"}],"curies":[{"name":"wp","href":"https:\/\/api.w.org\/{rel}","templated":true}]}}