
{"id":29423,"date":"2023-02-12T18:24:00","date_gmt":"2023-02-12T18:24:00","guid":{"rendered":"https:\/\/www.lejournalduforkane.com\/?p=29423"},"modified":"2023-02-27T11:27:55","modified_gmt":"2023-02-27T11:27:55","slug":"russes-et-syriens-se-rassemblent-en-solidarite-avec-la-syrie-frappee-par-le-seisme","status":"publish","type":"post","link":"https:\/\/www.lejournalduforkane.com\/index.php\/russes-et-syriens-se-rassemblent-en-solidarite-avec-la-syrie-frappee-par-le-seisme\/","title":{"rendered":"Russes et Syriens se rassemblent en solidarit\u00e9 avec la Syrie frapp\u00e9e par le s\u00e9isme"},"content":{"rendered":"<div class=\"x11i5rnm xat24cr x1mh8g0r x1vvkbs xdj266r x126k92a\">\n<div dir=\"auto\">\n<p>Russes et Syriens se rassemblent en solidarit\u00e9 avec la Syrie frapp\u00e9e par le s\u00e9isme<\/p>\n<p>Russes et Syriens se rassemblent \u00e0 Moscou pour collecter des dons en argent et en nature \u00e0 envoyer aux Syriens touch\u00e9s par le tremblement de terre.<\/p>\n<p>Des dizaines de citoyens russes et de membres des communaut\u00e9s syrienne et arabe se sont r\u00e9unis mercredi dans la cour de l&rsquo;ambassade de Syrie \u00e0 Moscou pour exprimer leur solidarit\u00e9 avec les personnes touch\u00e9es par le tremblement de terre d\u00e9vastateur qui a frapp\u00e9 le nord de la Syrie.<\/p>\n<p>Le rassemblement comprenait une campagne de collecte de dons financiers et en nature \u00e0 envoyer aux Syriens afflig\u00e9s, ainsi que des discours prononc\u00e9s par l&rsquo;ambassadeur syrien \u00e0 Moscou Bashar Al-Jaafari, le chef de l&rsquo;Association russe de solidarit\u00e9 avec le peuple syrien, Oleg Fomin , et le chef du parti de l&rsquo;Union populaire, Sergey Nikolaev.<\/p>\n<p>Les intervenants ont soulign\u00e9 la profondeur des relations d&rsquo;amiti\u00e9, de solidarit\u00e9 et de coop\u00e9ration entre les peuples russe et syrien, soulignant la fermet\u00e9 et la constance dont ont fait preuve les pr\u00e9sidents Vladimir Poutine et Bachar Al-Assad face aux projets collectifs de l&rsquo;Occident.<\/p>\n<p>Fomin a indiqu\u00e9 que deux millions de roubles ont \u00e9t\u00e9 collect\u00e9s pour les personnes touch\u00e9es par le tremblement de terre, ajoutant que la majeure partie de cette somme a \u00e9t\u00e9 utilis\u00e9e pour acheter des m\u00e9dicaments.<\/p>\n<p>Pour sa part, Nikolaev a d\u00e9clar\u00e9 que le tremblement de terre \u00e9tait une \u00e9norme catastrophe, soulignant que face \u00e0 un tel d\u00e9fi, la Syrie et la Russie \u00e9taient solidaires.<\/p>\n<p>\u00ab\u00a0Nous sommes heureux que nos peuples, dirig\u00e9s par les pr\u00e9sidents Vladimir Poutine et Bachar Al-Assad, se battent c\u00f4te \u00e0 c\u00f4te pour un monde plus juste et pour un nouvel ordre mondial\u00a0\u00bb, a-t-il exprim\u00e9.<\/p>\n<p>Le minist\u00e8re russe de la D\u00e9fense a envoy\u00e9 une nouvelle cargaison d&rsquo;aide humanitaire, charg\u00e9e de plus de 20 tonnes de nourriture, de m\u00e9dicaments, de v\u00eatements, de couvertures et d&rsquo;autres fournitures n\u00e9cessaires, qui ont \u00e9t\u00e9 transport\u00e9es par un avion de l&rsquo;arm\u00e9e de l&rsquo;air russe vers la Syrie.<\/p>\n<p>Il convient de noter que la Russie a \u00e9t\u00e9 parmi les trois premiers pays \u00e0 envoyer \u00e0 Damas des \u00e9quipes de sauvetage et des avions charg\u00e9s de l&rsquo;\u00e9quipement n\u00e9cessaire aux op\u00e9rations de recherche et de sauvetage, selon le directeur g\u00e9n\u00e9ral de l&rsquo;Autorit\u00e9 syrienne de l&rsquo;aviation civile (SCAA), Basem Mansour.<\/p>\n<\/div>\n<\/div>\n","protected":false},"excerpt":{"rendered":"<p>Russes et Syriens se rassemblent en solidarit\u00e9 avec la Syrie frapp\u00e9e par le s\u00e9isme Russes et Syriens se rassemblent \u00e0 Moscou pour collecter des dons en argent et en nature<\/p>\n","protected":false},"author":2,"featured_media":29424,"comment_status":"closed","ping_status":"open","sticky":false,"template":"","format":"standard","meta":[],"categories":[],"tags":[],"_links":{"self":[{"href":"https:\/\/www.lejournalduforkane.com\/index.php\/wp-json\/wp\/v2\/posts\/29423"}],"collection":[{"href":"https:\/\/www.lejournalduforkane.com\/index.php\/wp-json\/wp\/v2\/posts"}],"about":[{"href":"https:\/\/www.lejournalduforkane.com\/index.php\/wp-json\/wp\/v2\/types\/post"}],"author":[{"embeddable":true,"href":"https:\/\/www.lejournalduforkane.com\/index.php\/wp-json\/wp\/v2\/users\/2"}],"replies":[{"embeddable":true,"href":"https:\/\/www.lejournalduforkane.com\/index.php\/wp-json\/wp\/v2\/comments?post=29423"}],"version-history":[{"count":2,"href":"https:\/\/www.lejournalduforkane.com\/index.php\/wp-json\/wp\/v2\/posts\/29423\/revisions"}],"predecessor-version":[{"id":29436,"href":"https:\/\/www.lejournalduforkane.com\/index.php\/wp-json\/wp\/v2\/posts\/29423\/revisions\/29436"}],"wp:featuredmedia":[{"embeddable":true,"href":"https:\/\/www.lejournalduforkane.com\/index.php\/wp-json\/wp\/v2\/media\/29424"}],"wp:attachment":[{"href":"https:\/\/www.lejournalduforkane.com\/index.php\/wp-json\/wp\/v2\/media?parent=29423"}],"wp:term":[{"taxonomy":"category","embeddable":true,"href":"https:\/\/www.lejournalduforkane.com\/index.php\/wp-json\/wp\/v2\/categories?post=29423"},{"taxonomy":"post_tag","embeddable":true,"href":"https:\/\/www.lejournalduforkane.com\/index.php\/wp-json\/wp\/v2\/tags?post=29423"}],"curies":[{"name":"wp","href":"https:\/\/api.w.org\/{rel}","templated":true}]}}