
{"id":29426,"date":"2023-02-11T18:26:00","date_gmt":"2023-02-11T18:26:00","guid":{"rendered":"https:\/\/www.lejournalduforkane.com\/?p=29426"},"modified":"2023-02-22T18:28:17","modified_gmt":"2023-02-22T18:28:17","slug":"le-president-bachar-al-assad-a-rencontre-le-chef-detat-major-du-hachd-al-chaabi-abu-fadak-a-alep","status":"publish","type":"post","link":"https:\/\/www.lejournalduforkane.com\/index.php\/le-president-bachar-al-assad-a-rencontre-le-chef-detat-major-du-hachd-al-chaabi-abu-fadak-a-alep\/","title":{"rendered":"Le Pr\u00e9sident Bachar al-Assad a rencontr\u00e9 le chef d&rsquo;\u00e9tat-major du Hachd al-Chaabi, Abu Fadak, \u00e0 Alep"},"content":{"rendered":"<p>Le Pr\u00e9sident Bachar al-Assad a rencontr\u00e9 le chef d&rsquo;\u00e9tat-major du Hachd al-Chaabi, Abu Fadak, \u00e0 Alep, et lui a dit: \u00ab\u00a0Vous avez vers\u00e9 du sang pour nous, il n&rsquo;est donc pas surprenant que vous nous offriez maintenant de l&rsquo;aide. Je me souviens de votre combat \u00e0 nos c\u00f4t\u00e9s contre Daesh\u00a0\u00bb<\/p>\n\n\n<iframe loading=\"lazy\" src=\"https:\/\/www.facebook.com\/plugins\/video.php?height=476&#038;href=https%3A%2F%2Fwww.facebook.com%2Fle.journal.du.forqane%2Fvideos%2F1218953012049810%2F&#038;show_text=false&#038;width=325&#038;t=0\" width=\"325\" height=\"476\" style=\"border:none;overflow:hidden\" scrolling=\"no\" frameborder=\"0\" allowfullscreen=\"true\" allow=\"autoplay; clipboard-write; encrypted-media; picture-in-picture; web-share\" allowFullScreen=\"true\"><\/iframe>\n","protected":false},"excerpt":{"rendered":"<p>Le Pr\u00e9sident Bachar al-Assad a rencontr\u00e9 le chef d&rsquo;\u00e9tat-major du Hachd al-Chaabi, Abu Fadak, \u00e0 Alep, et lui a dit: \u00ab\u00a0Vous avez vers\u00e9 du sang pour nous, il n&rsquo;est donc<\/p>\n","protected":false},"author":2,"featured_media":29427,"comment_status":"closed","ping_status":"open","sticky":false,"template":"","format":"standard","meta":[],"categories":[],"tags":[],"_links":{"self":[{"href":"https:\/\/www.lejournalduforkane.com\/index.php\/wp-json\/wp\/v2\/posts\/29426"}],"collection":[{"href":"https:\/\/www.lejournalduforkane.com\/index.php\/wp-json\/wp\/v2\/posts"}],"about":[{"href":"https:\/\/www.lejournalduforkane.com\/index.php\/wp-json\/wp\/v2\/types\/post"}],"author":[{"embeddable":true,"href":"https:\/\/www.lejournalduforkane.com\/index.php\/wp-json\/wp\/v2\/users\/2"}],"replies":[{"embeddable":true,"href":"https:\/\/www.lejournalduforkane.com\/index.php\/wp-json\/wp\/v2\/comments?post=29426"}],"version-history":[{"count":1,"href":"https:\/\/www.lejournalduforkane.com\/index.php\/wp-json\/wp\/v2\/posts\/29426\/revisions"}],"predecessor-version":[{"id":29428,"href":"https:\/\/www.lejournalduforkane.com\/index.php\/wp-json\/wp\/v2\/posts\/29426\/revisions\/29428"}],"wp:featuredmedia":[{"embeddable":true,"href":"https:\/\/www.lejournalduforkane.com\/index.php\/wp-json\/wp\/v2\/media\/29427"}],"wp:attachment":[{"href":"https:\/\/www.lejournalduforkane.com\/index.php\/wp-json\/wp\/v2\/media?parent=29426"}],"wp:term":[{"taxonomy":"category","embeddable":true,"href":"https:\/\/www.lejournalduforkane.com\/index.php\/wp-json\/wp\/v2\/categories?post=29426"},{"taxonomy":"post_tag","embeddable":true,"href":"https:\/\/www.lejournalduforkane.com\/index.php\/wp-json\/wp\/v2\/tags?post=29426"}],"curies":[{"name":"wp","href":"https:\/\/api.w.org\/{rel}","templated":true}]}}