
{"id":29442,"date":"2023-02-21T18:12:00","date_gmt":"2023-02-21T18:12:00","guid":{"rendered":"https:\/\/www.lejournalduforkane.com\/?p=29442"},"modified":"2023-03-01T18:15:35","modified_gmt":"2023-03-01T18:15:35","slug":"voler-les-juifs-victimes-dun-seisme-y-a-que-des-colons-sionistes-pour-faire-ca","status":"publish","type":"post","link":"https:\/\/www.lejournalduforkane.com\/index.php\/voler-les-juifs-victimes-dun-seisme-y-a-que-des-colons-sionistes-pour-faire-ca\/","title":{"rendered":"Voler les Juifs victimes d&rsquo;un s\u00e9isme, y a que des colons sionistes pour faire \u00e7a !"},"content":{"rendered":"<div class=\"x11i5rnm xat24cr x1mh8g0r x1vvkbs xdj266r x126k92a\">\n<div dir=\"auto\">Les travailleurs humanitaires isra\u00e9liens qui sont all\u00e9s en Turquie pour aider les rescap\u00e9s ont vol\u00e9 des parchemins anciens de la Torah, emmen\u00e9s en Isra\u00ebl.<\/div>\n<\/div>\n<div class=\"x11i5rnm xat24cr x1mh8g0r x1vvkbs xtlvy1s x126k92a\">\n<div dir=\"auto\">Voler les Juifs victimes d&rsquo;un s\u00e9isme, y a que des colons sionistes pour faire \u00e7a !<\/div>\n<\/div>\n\n\n<iframe loading=\"lazy\" src=\"https:\/\/www.facebook.com\/plugins\/video.php?height=476&#038;href=https%3A%2F%2Fwww.facebook.com%2Fle.journal.du.forqane%2Fvideos%2F531845222271301%2F&#038;show_text=false&#038;width=260&#038;t=0\" width=\"260\" height=\"476\" style=\"border:none;overflow:hidden\" scrolling=\"no\" frameborder=\"0\" allowfullscreen=\"true\" allow=\"autoplay; clipboard-write; encrypted-media; picture-in-picture; web-share\" allowFullScreen=\"true\"><\/iframe>\n","protected":false},"excerpt":{"rendered":"<p>Les travailleurs humanitaires isra\u00e9liens qui sont all\u00e9s en Turquie pour aider les rescap\u00e9s ont vol\u00e9 des parchemins anciens de la Torah, emmen\u00e9s en Isra\u00ebl. Voler les Juifs victimes d&rsquo;un s\u00e9isme,<\/p>\n","protected":false},"author":2,"featured_media":29443,"comment_status":"closed","ping_status":"open","sticky":false,"template":"","format":"standard","meta":[],"categories":[],"tags":[],"_links":{"self":[{"href":"https:\/\/www.lejournalduforkane.com\/index.php\/wp-json\/wp\/v2\/posts\/29442"}],"collection":[{"href":"https:\/\/www.lejournalduforkane.com\/index.php\/wp-json\/wp\/v2\/posts"}],"about":[{"href":"https:\/\/www.lejournalduforkane.com\/index.php\/wp-json\/wp\/v2\/types\/post"}],"author":[{"embeddable":true,"href":"https:\/\/www.lejournalduforkane.com\/index.php\/wp-json\/wp\/v2\/users\/2"}],"replies":[{"embeddable":true,"href":"https:\/\/www.lejournalduforkane.com\/index.php\/wp-json\/wp\/v2\/comments?post=29442"}],"version-history":[{"count":1,"href":"https:\/\/www.lejournalduforkane.com\/index.php\/wp-json\/wp\/v2\/posts\/29442\/revisions"}],"predecessor-version":[{"id":29444,"href":"https:\/\/www.lejournalduforkane.com\/index.php\/wp-json\/wp\/v2\/posts\/29442\/revisions\/29444"}],"wp:featuredmedia":[{"embeddable":true,"href":"https:\/\/www.lejournalduforkane.com\/index.php\/wp-json\/wp\/v2\/media\/29443"}],"wp:attachment":[{"href":"https:\/\/www.lejournalduforkane.com\/index.php\/wp-json\/wp\/v2\/media?parent=29442"}],"wp:term":[{"taxonomy":"category","embeddable":true,"href":"https:\/\/www.lejournalduforkane.com\/index.php\/wp-json\/wp\/v2\/categories?post=29442"},{"taxonomy":"post_tag","embeddable":true,"href":"https:\/\/www.lejournalduforkane.com\/index.php\/wp-json\/wp\/v2\/tags?post=29442"}],"curies":[{"name":"wp","href":"https:\/\/api.w.org\/{rel}","templated":true}]}}