
{"id":29446,"date":"2023-02-28T18:15:00","date_gmt":"2023-02-28T18:15:00","guid":{"rendered":"https:\/\/www.lejournalduforkane.com\/?p=29446"},"modified":"2023-03-01T18:18:47","modified_gmt":"2023-03-01T18:18:47","slug":"manifestations-massives-au-yemen-en-solidarite-avec-la-palestine-ou-lusurpateur-sioniste-a-massacre-11-civils-a-naplouse","status":"publish","type":"post","link":"https:\/\/www.lejournalduforkane.com\/index.php\/manifestations-massives-au-yemen-en-solidarite-avec-la-palestine-ou-lusurpateur-sioniste-a-massacre-11-civils-a-naplouse\/","title":{"rendered":"Manifestations massives au Y\u00e9men en solidarit\u00e9 avec la Palestine, o\u00f9 l&rsquo;usurpateur sioniste a massacr\u00e9 11 civils \u00e0 Naplouse"},"content":{"rendered":"\n<iframe loading=\"lazy\" src=\"https:\/\/www.facebook.com\/plugins\/video.php?height=476&#038;href=https%3A%2F%2Fwww.facebook.com%2Fle.journal.du.forqane%2Fvideos%2F592481279418779%2F&#038;show_text=false&#038;width=268&#038;t=0\" width=\"268\" height=\"476\" style=\"border:none;overflow:hidden\" scrolling=\"no\" frameborder=\"0\" allowfullscreen=\"true\" allow=\"autoplay; clipboard-write; encrypted-media; picture-in-picture; web-share\" allowFullScreen=\"true\"><\/iframe>\n","protected":false},"excerpt":{"rendered":"","protected":false},"author":2,"featured_media":29447,"comment_status":"closed","ping_status":"open","sticky":false,"template":"","format":"standard","meta":[],"categories":[],"tags":[],"_links":{"self":[{"href":"https:\/\/www.lejournalduforkane.com\/index.php\/wp-json\/wp\/v2\/posts\/29446"}],"collection":[{"href":"https:\/\/www.lejournalduforkane.com\/index.php\/wp-json\/wp\/v2\/posts"}],"about":[{"href":"https:\/\/www.lejournalduforkane.com\/index.php\/wp-json\/wp\/v2\/types\/post"}],"author":[{"embeddable":true,"href":"https:\/\/www.lejournalduforkane.com\/index.php\/wp-json\/wp\/v2\/users\/2"}],"replies":[{"embeddable":true,"href":"https:\/\/www.lejournalduforkane.com\/index.php\/wp-json\/wp\/v2\/comments?post=29446"}],"version-history":[{"count":1,"href":"https:\/\/www.lejournalduforkane.com\/index.php\/wp-json\/wp\/v2\/posts\/29446\/revisions"}],"predecessor-version":[{"id":29448,"href":"https:\/\/www.lejournalduforkane.com\/index.php\/wp-json\/wp\/v2\/posts\/29446\/revisions\/29448"}],"wp:featuredmedia":[{"embeddable":true,"href":"https:\/\/www.lejournalduforkane.com\/index.php\/wp-json\/wp\/v2\/media\/29447"}],"wp:attachment":[{"href":"https:\/\/www.lejournalduforkane.com\/index.php\/wp-json\/wp\/v2\/media?parent=29446"}],"wp:term":[{"taxonomy":"category","embeddable":true,"href":"https:\/\/www.lejournalduforkane.com\/index.php\/wp-json\/wp\/v2\/categories?post=29446"},{"taxonomy":"post_tag","embeddable":true,"href":"https:\/\/www.lejournalduforkane.com\/index.php\/wp-json\/wp\/v2\/tags?post=29446"}],"curies":[{"name":"wp","href":"https:\/\/api.w.org\/{rel}","templated":true}]}}