
{"id":29449,"date":"2023-02-28T18:19:00","date_gmt":"2023-02-28T18:19:00","guid":{"rendered":"https:\/\/www.lejournalduforkane.com\/?p=29449"},"modified":"2023-03-01T18:21:39","modified_gmt":"2023-03-01T18:21:39","slug":"pour-la-1ere-fois-des-experts-onusiens-devoilent-des-images-des-frappes-balistiques-yemenites-sur-abou-dhabi-et-le-port-terminal-petrolier-de-dhabba","status":"publish","type":"post","link":"https:\/\/www.lejournalduforkane.com\/index.php\/pour-la-1ere-fois-des-experts-onusiens-devoilent-des-images-des-frappes-balistiques-yemenites-sur-abou-dhabi-et-le-port-terminal-petrolier-de-dhabba\/","title":{"rendered":"Pour la 1\u00e8re fois, des experts onusiens d\u00e9voilent des images des frappes balistiques y\u00e9m\u00e9nites sur Abou Dhabi et le port (terminal p\u00e9trolier) de Dhabba.."},"content":{"rendered":"\n<figure class=\"wp-block-embed is-type-video is-provider-youtube wp-block-embed-youtube wp-embed-aspect-16-9 wp-has-aspect-ratio\"><div class=\"wp-block-embed__wrapper\">\n<iframe loading=\"lazy\" title=\"\u0641\u0631\u064a\u0642 \u0627\u0644\u062e\u0628\u0631\u0627\u0621 \u0627\u0644\u0623\u0645\u0645\u064a \u064a\u0643\u0634\u0641 \u0644\u0623\u0648\u0644 \u0645\u0631\u0629 \u0635\u0648\u0631 \u0644\u0644\u0636\u0631\u0628\u0627\u062a \u0627\u0644\u0635\u0627\u0631\u0648\u062e\u064a\u0629 \u0627\u0644\u064a\u0645\u0646\u064a\u0629 \u0641\u064a \u0623\u0628\u0648\u0638\u0628\u064a \u0648\u0645\u064a\u0646\u0627\u0621 \u0627\u0644\u0636\u0628\u0629 27-02-2023\" width=\"500\" height=\"281\" src=\"https:\/\/www.youtube.com\/embed\/AhwufbpiuBw?feature=oembed\" frameborder=\"0\" allow=\"accelerometer; autoplay; clipboard-write; encrypted-media; gyroscope; picture-in-picture; web-share\" allowfullscreen><\/iframe>\n<\/div><\/figure>\n","protected":false},"excerpt":{"rendered":"https:\/\/www.youtube.com\/watch?fbclid=IwAR1xxkD39-2MLH0tt3UPIgzQ1nhyOgIMnXnCdtWJZNfGnXv2vNLOoeJwEV8&amp;v=AhwufbpiuBw&amp;feature=youtu.be","protected":false},"author":2,"featured_media":29450,"comment_status":"closed","ping_status":"open","sticky":false,"template":"","format":"standard","meta":[],"categories":[],"tags":[],"_links":{"self":[{"href":"https:\/\/www.lejournalduforkane.com\/index.php\/wp-json\/wp\/v2\/posts\/29449"}],"collection":[{"href":"https:\/\/www.lejournalduforkane.com\/index.php\/wp-json\/wp\/v2\/posts"}],"about":[{"href":"https:\/\/www.lejournalduforkane.com\/index.php\/wp-json\/wp\/v2\/types\/post"}],"author":[{"embeddable":true,"href":"https:\/\/www.lejournalduforkane.com\/index.php\/wp-json\/wp\/v2\/users\/2"}],"replies":[{"embeddable":true,"href":"https:\/\/www.lejournalduforkane.com\/index.php\/wp-json\/wp\/v2\/comments?post=29449"}],"version-history":[{"count":1,"href":"https:\/\/www.lejournalduforkane.com\/index.php\/wp-json\/wp\/v2\/posts\/29449\/revisions"}],"predecessor-version":[{"id":29451,"href":"https:\/\/www.lejournalduforkane.com\/index.php\/wp-json\/wp\/v2\/posts\/29449\/revisions\/29451"}],"wp:featuredmedia":[{"embeddable":true,"href":"https:\/\/www.lejournalduforkane.com\/index.php\/wp-json\/wp\/v2\/media\/29450"}],"wp:attachment":[{"href":"https:\/\/www.lejournalduforkane.com\/index.php\/wp-json\/wp\/v2\/media?parent=29449"}],"wp:term":[{"taxonomy":"category","embeddable":true,"href":"https:\/\/www.lejournalduforkane.com\/index.php\/wp-json\/wp\/v2\/categories?post=29449"},{"taxonomy":"post_tag","embeddable":true,"href":"https:\/\/www.lejournalduforkane.com\/index.php\/wp-json\/wp\/v2\/tags?post=29449"}],"curies":[{"name":"wp","href":"https:\/\/api.w.org\/{rel}","templated":true}]}}