
{"id":29452,"date":"2023-02-28T18:21:00","date_gmt":"2023-02-28T18:21:00","guid":{"rendered":"https:\/\/www.lejournalduforkane.com\/?p=29452"},"modified":"2023-03-01T18:23:57","modified_gmt":"2023-03-01T18:23:57","slug":"tv-du-hezbollah-un-entrepreneur-libanais-invente-la-premiere-voiture-arabe-fonctionnant-a-lelectricite-et-lenergie-solaire","status":"publish","type":"post","link":"https:\/\/www.lejournalduforkane.com\/index.php\/tv-du-hezbollah-un-entrepreneur-libanais-invente-la-premiere-voiture-arabe-fonctionnant-a-lelectricite-et-lenergie-solaire\/","title":{"rendered":"TV du Hezbollah ; un entrepreneur libanais invente la premi\u00e8re voiture arabe fonctionnant \u00e0 l&rsquo;\u00e9lectricit\u00e9 et l&rsquo;\u00e9nergie solaire."},"content":{"rendered":"\n<figure class=\"wp-block-embed is-type-video is-provider-youtube wp-block-embed-youtube wp-embed-aspect-4-3 wp-has-aspect-ratio\"><div class=\"wp-block-embed__wrapper\">\n<iframe loading=\"lazy\" title=\"Hizbullah TV: Lebanese Entrepreneur Invents First Arab Car That Runs on Electricity and Solar Energy\" width=\"500\" height=\"375\" src=\"https:\/\/www.youtube.com\/embed\/j_dTCovRIn8?feature=oembed\" frameborder=\"0\" allow=\"accelerometer; autoplay; clipboard-write; encrypted-media; gyroscope; picture-in-picture; web-share\" allowfullscreen><\/iframe>\n<\/div><\/figure>\n","protected":false},"excerpt":{"rendered":"https:\/\/www.youtube.com\/watch?v=j_dTCovRIn8","protected":false},"author":2,"featured_media":29453,"comment_status":"closed","ping_status":"open","sticky":false,"template":"","format":"standard","meta":[],"categories":[],"tags":[],"_links":{"self":[{"href":"https:\/\/www.lejournalduforkane.com\/index.php\/wp-json\/wp\/v2\/posts\/29452"}],"collection":[{"href":"https:\/\/www.lejournalduforkane.com\/index.php\/wp-json\/wp\/v2\/posts"}],"about":[{"href":"https:\/\/www.lejournalduforkane.com\/index.php\/wp-json\/wp\/v2\/types\/post"}],"author":[{"embeddable":true,"href":"https:\/\/www.lejournalduforkane.com\/index.php\/wp-json\/wp\/v2\/users\/2"}],"replies":[{"embeddable":true,"href":"https:\/\/www.lejournalduforkane.com\/index.php\/wp-json\/wp\/v2\/comments?post=29452"}],"version-history":[{"count":1,"href":"https:\/\/www.lejournalduforkane.com\/index.php\/wp-json\/wp\/v2\/posts\/29452\/revisions"}],"predecessor-version":[{"id":29454,"href":"https:\/\/www.lejournalduforkane.com\/index.php\/wp-json\/wp\/v2\/posts\/29452\/revisions\/29454"}],"wp:featuredmedia":[{"embeddable":true,"href":"https:\/\/www.lejournalduforkane.com\/index.php\/wp-json\/wp\/v2\/media\/29453"}],"wp:attachment":[{"href":"https:\/\/www.lejournalduforkane.com\/index.php\/wp-json\/wp\/v2\/media?parent=29452"}],"wp:term":[{"taxonomy":"category","embeddable":true,"href":"https:\/\/www.lejournalduforkane.com\/index.php\/wp-json\/wp\/v2\/categories?post=29452"},{"taxonomy":"post_tag","embeddable":true,"href":"https:\/\/www.lejournalduforkane.com\/index.php\/wp-json\/wp\/v2\/tags?post=29452"}],"curies":[{"name":"wp","href":"https:\/\/api.w.org\/{rel}","templated":true}]}}