
{"id":29458,"date":"2023-02-28T18:27:00","date_gmt":"2023-02-28T18:27:00","guid":{"rendered":"https:\/\/www.lejournalduforkane.com\/?p=29458"},"modified":"2023-03-01T18:29:42","modified_gmt":"2023-03-01T18:29:42","slug":"un-palestinien-a-ete-evacue-a-lhopital-dans-un-etat-grave-apres-avoir-ete-lynche-par-un-groupe-de-colons-israeliens","status":"publish","type":"post","link":"https:\/\/www.lejournalduforkane.com\/index.php\/un-palestinien-a-ete-evacue-a-lhopital-dans-un-etat-grave-apres-avoir-ete-lynche-par-un-groupe-de-colons-israeliens\/","title":{"rendered":"Un Palestinien a \u00e9t\u00e9 \u00e9vacu\u00e9 \u00e0 l&rsquo;h\u00f4pital dans un \u00e9tat grave apr\u00e8s avoir \u00e9t\u00e9 lynch\u00e9 par un groupe de colons isra\u00e9liens"},"content":{"rendered":"<div class=\"x11i5rnm xat24cr x1mh8g0r x1vvkbs xdj266r x126k92a\">\n<div dir=\"auto\">Des villages du sud de Naplouse ont subi un pogrom, avec plusieurs maisons &amp; voitures br\u00fbl\u00e9es.<\/div>\n<\/div>\n<div class=\"x11i5rnm xat24cr x1mh8g0r x1vvkbs xtlvy1s x126k92a\">\n<div dir=\"auto\">Un Palestinien a \u00e9t\u00e9 \u00e9vacu\u00e9 \u00e0 l&rsquo;h\u00f4pital dans un \u00e9tat grave apr\u00e8s avoir \u00e9t\u00e9 lynch\u00e9 par un groupe de colons isra\u00e9liens arm\u00e9s de barres de fer &amp; prot\u00e9g\u00e9s par l&rsquo;arm\u00e9e<\/div>\n<\/div>\n\n\n<iframe loading=\"lazy\" src=\"https:\/\/www.facebook.com\/plugins\/video.php?height=426&#038;href=https%3A%2F%2Fwww.facebook.com%2Fle.journal.du.forqane%2Fvideos%2F731961354946335%2F&#038;show_text=false&#038;width=560&#038;t=0\" width=\"560\" height=\"426\" style=\"border:none;overflow:hidden\" scrolling=\"no\" frameborder=\"0\" allowfullscreen=\"true\" allow=\"autoplay; clipboard-write; encrypted-media; picture-in-picture; web-share\" allowFullScreen=\"true\"><\/iframe>\n","protected":false},"excerpt":{"rendered":"<p>Des villages du sud de Naplouse ont subi un pogrom, avec plusieurs maisons &amp; voitures br\u00fbl\u00e9es. Un Palestinien a \u00e9t\u00e9 \u00e9vacu\u00e9 \u00e0 l&rsquo;h\u00f4pital dans un \u00e9tat grave apr\u00e8s avoir \u00e9t\u00e9<\/p>\n","protected":false},"author":2,"featured_media":29459,"comment_status":"closed","ping_status":"open","sticky":false,"template":"","format":"standard","meta":[],"categories":[],"tags":[],"_links":{"self":[{"href":"https:\/\/www.lejournalduforkane.com\/index.php\/wp-json\/wp\/v2\/posts\/29458"}],"collection":[{"href":"https:\/\/www.lejournalduforkane.com\/index.php\/wp-json\/wp\/v2\/posts"}],"about":[{"href":"https:\/\/www.lejournalduforkane.com\/index.php\/wp-json\/wp\/v2\/types\/post"}],"author":[{"embeddable":true,"href":"https:\/\/www.lejournalduforkane.com\/index.php\/wp-json\/wp\/v2\/users\/2"}],"replies":[{"embeddable":true,"href":"https:\/\/www.lejournalduforkane.com\/index.php\/wp-json\/wp\/v2\/comments?post=29458"}],"version-history":[{"count":1,"href":"https:\/\/www.lejournalduforkane.com\/index.php\/wp-json\/wp\/v2\/posts\/29458\/revisions"}],"predecessor-version":[{"id":29460,"href":"https:\/\/www.lejournalduforkane.com\/index.php\/wp-json\/wp\/v2\/posts\/29458\/revisions\/29460"}],"wp:featuredmedia":[{"embeddable":true,"href":"https:\/\/www.lejournalduforkane.com\/index.php\/wp-json\/wp\/v2\/media\/29459"}],"wp:attachment":[{"href":"https:\/\/www.lejournalduforkane.com\/index.php\/wp-json\/wp\/v2\/media?parent=29458"}],"wp:term":[{"taxonomy":"category","embeddable":true,"href":"https:\/\/www.lejournalduforkane.com\/index.php\/wp-json\/wp\/v2\/categories?post=29458"},{"taxonomy":"post_tag","embeddable":true,"href":"https:\/\/www.lejournalduforkane.com\/index.php\/wp-json\/wp\/v2\/tags?post=29458"}],"curies":[{"name":"wp","href":"https:\/\/api.w.org\/{rel}","templated":true}]}}