
{"id":29477,"date":"2023-03-06T18:17:00","date_gmt":"2023-03-06T18:17:00","guid":{"rendered":"https:\/\/www.lejournalduforkane.com\/?p=29477"},"modified":"2023-03-08T18:20:09","modified_gmt":"2023-03-08T18:20:09","slug":"le-colonialisme-cest-du-passe","status":"publish","type":"post","link":"https:\/\/www.lejournalduforkane.com\/index.php\/le-colonialisme-cest-du-passe\/","title":{"rendered":"Le colonialisme, c&rsquo;est du pass\u00e9 !"},"content":{"rendered":"<div class=\"x11i5rnm xat24cr x1mh8g0r x1vvkbs xdj266r x126k92a\">\n<div dir=\"auto\">L&rsquo;ambassadeur allemand en Namibie d\u00e9nonce la pr\u00e9sence croissante de la Chine. Le Pr\u00e9sident le remet \u00e0 sa place : \u00e7a ne le regarde pas, et il demande pourquoi l&rsquo;UE traite si mal les ressortissants africains (m\u00eame munis de passeports diplomatiques).<\/div>\n<\/div>\n<div class=\"x11i5rnm xat24cr x1mh8g0r x1vvkbs xtlvy1s x126k92a\">\n<div dir=\"auto\">Le colonialisme, c&rsquo;est du pass\u00e9 !<\/div>\n<\/div>\n\n\n<iframe loading=\"lazy\" src=\"https:\/\/www.facebook.com\/plugins\/video.php?height=476&#038;href=https%3A%2F%2Fwww.facebook.com%2Fle.journal.du.forqane%2Fvideos%2F621186883180377%2F&#038;show_text=false&#038;width=476&#038;t=0\" width=\"476\" height=\"476\" style=\"border:none;overflow:hidden\" scrolling=\"no\" frameborder=\"0\" allowfullscreen=\"true\" allow=\"autoplay; clipboard-write; encrypted-media; picture-in-picture; web-share\" allowFullScreen=\"true\"><\/iframe>\n","protected":false},"excerpt":{"rendered":"<p>L&rsquo;ambassadeur allemand en Namibie d\u00e9nonce la pr\u00e9sence croissante de la Chine. Le Pr\u00e9sident le remet \u00e0 sa place : \u00e7a ne le regarde pas, et il demande pourquoi l&rsquo;UE traite<\/p>\n","protected":false},"author":2,"featured_media":29478,"comment_status":"closed","ping_status":"open","sticky":false,"template":"","format":"standard","meta":[],"categories":[],"tags":[],"_links":{"self":[{"href":"https:\/\/www.lejournalduforkane.com\/index.php\/wp-json\/wp\/v2\/posts\/29477"}],"collection":[{"href":"https:\/\/www.lejournalduforkane.com\/index.php\/wp-json\/wp\/v2\/posts"}],"about":[{"href":"https:\/\/www.lejournalduforkane.com\/index.php\/wp-json\/wp\/v2\/types\/post"}],"author":[{"embeddable":true,"href":"https:\/\/www.lejournalduforkane.com\/index.php\/wp-json\/wp\/v2\/users\/2"}],"replies":[{"embeddable":true,"href":"https:\/\/www.lejournalduforkane.com\/index.php\/wp-json\/wp\/v2\/comments?post=29477"}],"version-history":[{"count":1,"href":"https:\/\/www.lejournalduforkane.com\/index.php\/wp-json\/wp\/v2\/posts\/29477\/revisions"}],"predecessor-version":[{"id":29479,"href":"https:\/\/www.lejournalduforkane.com\/index.php\/wp-json\/wp\/v2\/posts\/29477\/revisions\/29479"}],"wp:featuredmedia":[{"embeddable":true,"href":"https:\/\/www.lejournalduforkane.com\/index.php\/wp-json\/wp\/v2\/media\/29478"}],"wp:attachment":[{"href":"https:\/\/www.lejournalduforkane.com\/index.php\/wp-json\/wp\/v2\/media?parent=29477"}],"wp:term":[{"taxonomy":"category","embeddable":true,"href":"https:\/\/www.lejournalduforkane.com\/index.php\/wp-json\/wp\/v2\/categories?post=29477"},{"taxonomy":"post_tag","embeddable":true,"href":"https:\/\/www.lejournalduforkane.com\/index.php\/wp-json\/wp\/v2\/tags?post=29477"}],"curies":[{"name":"wp","href":"https:\/\/api.w.org\/{rel}","templated":true}]}}