
{"id":29484,"date":"2023-03-04T18:22:00","date_gmt":"2023-03-04T18:22:00","guid":{"rendered":"https:\/\/www.lejournalduforkane.com\/?p=29484"},"modified":"2023-03-08T18:26:37","modified_gmt":"2023-03-08T18:26:37","slug":"la-france-vendue-aux-plus-offrant","status":"publish","type":"post","link":"https:\/\/www.lejournalduforkane.com\/index.php\/la-france-vendue-aux-plus-offrant\/","title":{"rendered":"La France vendue aux plus offrant"},"content":{"rendered":"\n<blockquote class=\"tiktok-embed\" cite=\"https:\/\/www.tiktok.com\/@lcp_an\/video\/7205664186171411718\" data-video-id=\"7205664186171411718\" style=\"max-width: 605px;min-width: 325px;\" > <section> <a target=\"_blank\" title=\"@lcp_an\" href=\"https:\/\/www.tiktok.com\/@lcp_an?refer=embed\" rel=\"noopener\">@lcp_an<\/a> Souverainet\u00e9 : Arnaud Montebourg \u00e9value entre \u00ab 10 et 15 millions \u00bb d\u2019euros le tarif de la trahison de la France, un prix qu\u2019il qualifie de \u00ab pas cher \u00bb. Dans le cadre de la commission d\u2019enqu\u00eate sur la \u00ab\u00a0perte de souverainet\u00e9 et d\u2019ind\u00e9pendance \u00e9nerg\u00e9tique de la France\u00a0\u00bb, l\u2019ancien ministre de l\u2019\u00c9conomie et du Redressement productif charge les dirigeants des entreprises fran\u00e7aises c\u00e9d\u00e9es \u00e0 des groupes \u00e9trangers, comme Arcelor, Pechiney, Alstom, Technip, Lafarge, Alcatel, Essilor. <a title=\"industrie\" target=\"_blank\" href=\"https:\/\/www.tiktok.com\/tag\/industrie?refer=embed\" rel=\"noopener\">#industrie<\/a> <a title=\"souverainet\u00e9\" target=\"_blank\" href=\"https:\/\/www.tiktok.com\/tag\/souverainet%C3%A9?refer=embed\" rel=\"noopener\">#souverainet\u00e9<\/a> <a title=\"\u00e9nergie\" target=\"_blank\" href=\"https:\/\/www.tiktok.com\/tag\/%C3%A9nergie?refer=embed\" rel=\"noopener\">#\u00e9nergie<\/a>  <a title=\"ind\u00e9pendance\" target=\"_blank\" href=\"https:\/\/www.tiktok.com\/tag\/ind%C3%A9pendance?refer=embed\" rel=\"noopener\">#ind\u00e9pendance<\/a>   <a title=\"audition\" target=\"_blank\" href=\"https:\/\/www.tiktok.com\/tag\/audition?refer=embed\" rel=\"noopener\">#audition<\/a> <a title=\"assembl\u00e9enationale\" target=\"_blank\" href=\"https:\/\/www.tiktok.com\/tag\/assembl%C3%A9enationale?refer=embed\" rel=\"noopener\">#assembl\u00e9enationale<\/a>  <a title=\"politique\" target=\"_blank\" href=\"https:\/\/www.tiktok.com\/tag\/politique?refer=embed\" rel=\"noopener\">#politique<\/a> <a title=\"politiquefrancaise\" target=\"_blank\" href=\"https:\/\/www.tiktok.com\/tag\/politiquefrancaise?refer=embed\" rel=\"noopener\">#politiquefrancaise<\/a> <a title=\"directan\" target=\"_blank\" href=\"https:\/\/www.tiktok.com\/tag\/directan?refer=embed\" rel=\"noopener\">#DirectAN<\/a> <a target=\"_blank\" title=\"\u266c son original - LCP-Assembl\u00e9e nationale\" href=\"https:\/\/www.tiktok.com\/music\/son-original-7205664197665245957?refer=embed\" rel=\"noopener\">\u266c son original &#8211; LCP-Assembl\u00e9e nationale<\/a> <\/section> <\/blockquote> <script async src=\"https:\/\/www.tiktok.com\/embed.js\"><\/script>\n","protected":false},"excerpt":{"rendered":"<p>@lcp_an Souverainet\u00e9 : Arnaud Montebourg \u00e9value entre \u00ab 10 et 15 millions \u00bb d\u2019euros le tarif de la trahison de la France, un prix qu\u2019il qualifie de \u00ab pas cher<\/p>\n","protected":false},"author":2,"featured_media":29485,"comment_status":"closed","ping_status":"open","sticky":false,"template":"","format":"standard","meta":[],"categories":[],"tags":[],"_links":{"self":[{"href":"https:\/\/www.lejournalduforkane.com\/index.php\/wp-json\/wp\/v2\/posts\/29484"}],"collection":[{"href":"https:\/\/www.lejournalduforkane.com\/index.php\/wp-json\/wp\/v2\/posts"}],"about":[{"href":"https:\/\/www.lejournalduforkane.com\/index.php\/wp-json\/wp\/v2\/types\/post"}],"author":[{"embeddable":true,"href":"https:\/\/www.lejournalduforkane.com\/index.php\/wp-json\/wp\/v2\/users\/2"}],"replies":[{"embeddable":true,"href":"https:\/\/www.lejournalduforkane.com\/index.php\/wp-json\/wp\/v2\/comments?post=29484"}],"version-history":[{"count":1,"href":"https:\/\/www.lejournalduforkane.com\/index.php\/wp-json\/wp\/v2\/posts\/29484\/revisions"}],"predecessor-version":[{"id":29486,"href":"https:\/\/www.lejournalduforkane.com\/index.php\/wp-json\/wp\/v2\/posts\/29484\/revisions\/29486"}],"wp:featuredmedia":[{"embeddable":true,"href":"https:\/\/www.lejournalduforkane.com\/index.php\/wp-json\/wp\/v2\/media\/29485"}],"wp:attachment":[{"href":"https:\/\/www.lejournalduforkane.com\/index.php\/wp-json\/wp\/v2\/media?parent=29484"}],"wp:term":[{"taxonomy":"category","embeddable":true,"href":"https:\/\/www.lejournalduforkane.com\/index.php\/wp-json\/wp\/v2\/categories?post=29484"},{"taxonomy":"post_tag","embeddable":true,"href":"https:\/\/www.lejournalduforkane.com\/index.php\/wp-json\/wp\/v2\/tags?post=29484"}],"curies":[{"name":"wp","href":"https:\/\/api.w.org\/{rel}","templated":true}]}}