
{"id":29494,"date":"2023-03-16T18:05:00","date_gmt":"2023-03-16T18:05:00","guid":{"rendered":"https:\/\/www.lejournalduforkane.com\/?p=29494"},"modified":"2023-03-22T18:08:19","modified_gmt":"2023-03-22T18:08:19","slug":"la-ministre-des-sports-du-canada-pascale-st-onge-grimace-et-se-barre","status":"publish","type":"post","link":"https:\/\/www.lejournalduforkane.com\/index.php\/la-ministre-des-sports-du-canada-pascale-st-onge-grimace-et-se-barre\/","title":{"rendered":"La ministre des Sports du Canada, Pascale St-Onge, grimace et se barre"},"content":{"rendered":"<div class=\"x11i5rnm xat24cr x1mh8g0r x1vvkbs xdj266r x126k92a\">\n<div dir=\"auto\">\u00ab Vous ne voulez pas d&rsquo;athl\u00e8tes russes et bi\u00e9lorusses aux Jeux olympiques, mais avez-vous ressenti la m\u00eame chose apr\u00e8s l&rsquo;invasion de l&rsquo;Irak par les USA ? Que diriez-vous d&rsquo;interdire les athl\u00e8tes isra\u00e9liens ?<\/div>\n<\/div>\n<div class=\"x11i5rnm xat24cr x1mh8g0r x1vvkbs xtlvy1s x126k92a\">\n<div dir=\"auto\">La ministre des Sports du Canada, Pascale St-Onge, grimace et se barre.<\/div>\n<\/div>\n\n\n<iframe loading=\"lazy\" src=\"https:\/\/www.facebook.com\/plugins\/video.php?height=476&#038;href=https%3A%2F%2Fwww.facebook.com%2Fle.journal.du.forqane%2Fvideos%2F1394204174682020%2F&#038;show_text=false&#038;width=268&#038;t=0\" width=\"268\" height=\"476\" style=\"border:none;overflow:hidden\" scrolling=\"no\" frameborder=\"0\" allowfullscreen=\"true\" allow=\"autoplay; clipboard-write; encrypted-media; picture-in-picture; web-share\" allowFullScreen=\"true\"><\/iframe>\n","protected":false},"excerpt":{"rendered":"<p>\u00ab Vous ne voulez pas d&rsquo;athl\u00e8tes russes et bi\u00e9lorusses aux Jeux olympiques, mais avez-vous ressenti la m\u00eame chose apr\u00e8s l&rsquo;invasion de l&rsquo;Irak par les USA ? Que diriez-vous d&rsquo;interdire les<\/p>\n","protected":false},"author":2,"featured_media":29495,"comment_status":"closed","ping_status":"open","sticky":false,"template":"","format":"standard","meta":[],"categories":[],"tags":[],"_links":{"self":[{"href":"https:\/\/www.lejournalduforkane.com\/index.php\/wp-json\/wp\/v2\/posts\/29494"}],"collection":[{"href":"https:\/\/www.lejournalduforkane.com\/index.php\/wp-json\/wp\/v2\/posts"}],"about":[{"href":"https:\/\/www.lejournalduforkane.com\/index.php\/wp-json\/wp\/v2\/types\/post"}],"author":[{"embeddable":true,"href":"https:\/\/www.lejournalduforkane.com\/index.php\/wp-json\/wp\/v2\/users\/2"}],"replies":[{"embeddable":true,"href":"https:\/\/www.lejournalduforkane.com\/index.php\/wp-json\/wp\/v2\/comments?post=29494"}],"version-history":[{"count":1,"href":"https:\/\/www.lejournalduforkane.com\/index.php\/wp-json\/wp\/v2\/posts\/29494\/revisions"}],"predecessor-version":[{"id":29496,"href":"https:\/\/www.lejournalduforkane.com\/index.php\/wp-json\/wp\/v2\/posts\/29494\/revisions\/29496"}],"wp:featuredmedia":[{"embeddable":true,"href":"https:\/\/www.lejournalduforkane.com\/index.php\/wp-json\/wp\/v2\/media\/29495"}],"wp:attachment":[{"href":"https:\/\/www.lejournalduforkane.com\/index.php\/wp-json\/wp\/v2\/media?parent=29494"}],"wp:term":[{"taxonomy":"category","embeddable":true,"href":"https:\/\/www.lejournalduforkane.com\/index.php\/wp-json\/wp\/v2\/categories?post=29494"},{"taxonomy":"post_tag","embeddable":true,"href":"https:\/\/www.lejournalduforkane.com\/index.php\/wp-json\/wp\/v2\/tags?post=29494"}],"curies":[{"name":"wp","href":"https:\/\/api.w.org\/{rel}","templated":true}]}}