
{"id":29510,"date":"2023-03-25T16:53:00","date_gmt":"2023-03-25T16:53:00","guid":{"rendered":"https:\/\/www.lejournalduforkane.com\/?p=29510"},"modified":"2023-03-29T16:55:41","modified_gmt":"2023-03-29T16:55:41","slug":"apres-lunion-africaine-cest-liran-qui-condamne-la-france-pour-sa-repression-violente-des-manifestations-contre-la-reforme-des-retraites","status":"publish","type":"post","link":"https:\/\/www.lejournalduforkane.com\/index.php\/apres-lunion-africaine-cest-liran-qui-condamne-la-france-pour-sa-repression-violente-des-manifestations-contre-la-reforme-des-retraites\/","title":{"rendered":"Apr\u00e8s l&rsquo;Union africaine, c&rsquo;est l&rsquo;Iran qui condamne la France pour sa r\u00e9pression violente des manifestations contre la r\u00e9forme des retraites&#8230;"},"content":{"rendered":"<p><img loading=\"lazy\" class=\"alignnone size-full wp-image-29511\" src=\"https:\/\/www.lejournalduforkane.com\/wp-content\/uploads\/2023\/03\/Apres-lUnion-africaine-cest-lIran-qui-condamne-la-France-pour-sa-repression-violente-des-manifestations-contre-la-reforme-des-retraites....jpg\" alt=\"\" width=\"680\" height=\"513\" srcset=\"https:\/\/www.lejournalduforkane.com\/wp-content\/uploads\/2023\/03\/Apres-lUnion-africaine-cest-lIran-qui-condamne-la-France-pour-sa-repression-violente-des-manifestations-contre-la-reforme-des-retraites....jpg 680w, https:\/\/www.lejournalduforkane.com\/wp-content\/uploads\/2023\/03\/Apres-lUnion-africaine-cest-lIran-qui-condamne-la-France-pour-sa-repression-violente-des-manifestations-contre-la-reforme-des-retraites...-300x226.jpg 300w\" sizes=\"(max-width: 680px) 100vw, 680px\" \/><\/p>\n","protected":false},"excerpt":{"rendered":"","protected":false},"author":2,"featured_media":29511,"comment_status":"closed","ping_status":"open","sticky":false,"template":"","format":"standard","meta":[],"categories":[],"tags":[],"_links":{"self":[{"href":"https:\/\/www.lejournalduforkane.com\/index.php\/wp-json\/wp\/v2\/posts\/29510"}],"collection":[{"href":"https:\/\/www.lejournalduforkane.com\/index.php\/wp-json\/wp\/v2\/posts"}],"about":[{"href":"https:\/\/www.lejournalduforkane.com\/index.php\/wp-json\/wp\/v2\/types\/post"}],"author":[{"embeddable":true,"href":"https:\/\/www.lejournalduforkane.com\/index.php\/wp-json\/wp\/v2\/users\/2"}],"replies":[{"embeddable":true,"href":"https:\/\/www.lejournalduforkane.com\/index.php\/wp-json\/wp\/v2\/comments?post=29510"}],"version-history":[{"count":1,"href":"https:\/\/www.lejournalduforkane.com\/index.php\/wp-json\/wp\/v2\/posts\/29510\/revisions"}],"predecessor-version":[{"id":29512,"href":"https:\/\/www.lejournalduforkane.com\/index.php\/wp-json\/wp\/v2\/posts\/29510\/revisions\/29512"}],"wp:featuredmedia":[{"embeddable":true,"href":"https:\/\/www.lejournalduforkane.com\/index.php\/wp-json\/wp\/v2\/media\/29511"}],"wp:attachment":[{"href":"https:\/\/www.lejournalduforkane.com\/index.php\/wp-json\/wp\/v2\/media?parent=29510"}],"wp:term":[{"taxonomy":"category","embeddable":true,"href":"https:\/\/www.lejournalduforkane.com\/index.php\/wp-json\/wp\/v2\/categories?post=29510"},{"taxonomy":"post_tag","embeddable":true,"href":"https:\/\/www.lejournalduforkane.com\/index.php\/wp-json\/wp\/v2\/tags?post=29510"}],"curies":[{"name":"wp","href":"https:\/\/api.w.org\/{rel}","templated":true}]}}