
{"id":29566,"date":"2023-05-02T17:13:00","date_gmt":"2023-05-02T17:13:00","guid":{"rendered":"https:\/\/www.lejournalduforkane.com\/?p=29566"},"modified":"2023-05-03T17:16:05","modified_gmt":"2023-05-03T17:16:05","slug":"qui-est-le-martyr-khader-adnan","status":"publish","type":"post","link":"https:\/\/www.lejournalduforkane.com\/index.php\/qui-est-le-martyr-khader-adnan\/","title":{"rendered":"Qui est le martyr Khader Adnan ?"},"content":{"rendered":"<div class=\"xdj266r x11i5rnm xat24cr x1mh8g0r x1vvkbs x126k92a\">\n<div dir=\"auto\">Qui est le martyr Khader Adnan ?<\/div>\n<\/div>\n<div class=\"x11i5rnm xat24cr x1mh8g0r x1vvkbs xtlvy1s x126k92a\">\n<div dir=\"auto\">Le prisonnier palestinien Khader Adnan est mort en martyr \u00e0 44 ans apr\u00e8s une longue gr\u00e8ve de la faim. Le h\u00e9ros a soulign\u00e9 dans son testament: \u00ab\u00a0Ne d\u00e9sesp\u00e9rez pas, car quoi que fasse l&rsquo;occupation &#8230; notre victoire donn\u00e9e par Dieu approche.\u00a0\u00bb<\/div>\n<\/div>\n<div class=\"x11i5rnm xat24cr x1mh8g0r x1vvkbs xtlvy1s x126k92a\">\n<div dir=\"auto\">Le prisonnier Khader Adnan est mort en martyr ce matin \u00e0 l&rsquo;\u00e2ge de 44 ans, apr\u00e8s une gr\u00e8ve de la faim de 87 jours en refus de son arrestation arbitraire, alors que l&rsquo;occupation maintenait le martyr Adnan d\u00e9tenu \u00e0 la clinique de la prison de Ramla.<\/div>\n<\/div>\n<div class=\"x11i5rnm xat24cr x1mh8g0r x1vvkbs xtlvy1s x126k92a\">\n<div dir=\"auto\">Adnan est rest\u00e9 87 jours dans une petite cellule de la clinique de la prison de Ramla, menant une f\u00e9roce bataille des estomacs vides, au cours de laquelle sa femme a voyag\u00e9 d&rsquo;un gouvernorat \u00e0 l&rsquo;autre, d&rsquo;un \u00e9v\u00e9nement \u00e0 l&rsquo;autre, de la radio \u00e0 la t\u00e9l\u00e9vision ou \u00e0 n&rsquo;importe quel m\u00e9dia, cherchant toute occasion de souligner la souffrance de son mari et de faire conna\u00eetre au public les d\u00e9veloppements de sa gr\u00e8ve.<\/div>\n<\/div>\n<div class=\"x11i5rnm xat24cr x1mh8g0r x1vvkbs xtlvy1s x126k92a\">\n<div dir=\"auto\">Adnan s&rsquo;est mis en gr\u00e8ve d\u00e8s le d\u00e9but de son arrestation le 5 f\u00e9vrier, lorsque les Forces d&rsquo;occupation isra\u00e9liennes (FOI) ont fait une descente chez lui dans le camp de J\u00e9nine.<\/div>\n<\/div>\n<div class=\"x11i5rnm xat24cr x1mh8g0r x1vvkbs xtlvy1s x126k92a\">\n<div dir=\"auto\">\u00c0 l&rsquo;\u00e9poque, les forces d&rsquo;occupation isra\u00e9liennes ont lanc\u00e9 une campagne massive de raids et d&rsquo;incursions en Cisjordanie, au cours de laquelle elles ont arr\u00eat\u00e9 un certain nombre de Palestiniens, dont des dirigeants du mouvement du Jihad islamique palestinien.<\/div>\n<\/div>\n<div class=\"x11i5rnm xat24cr x1mh8g0r x1vvkbs xtlvy1s x126k92a\">\n<div dir=\"auto\">Selon des sources palestiniennes qui se trouvaient dans la ville, les FOI ont brutalement agress\u00e9 Adnan lors de son arrestation et l&rsquo;ont humili\u00e9 devant sa femme et ses enfants, dont l&rsquo;a\u00een\u00e9 a 14 ans.<\/div>\n<\/div>\n<div class=\"x11i5rnm xat24cr x1mh8g0r x1vvkbs xtlvy1s x126k92a\">\n<div dir=\"auto\">Randa Moussa, l&rsquo;\u00e9pouse du martyr, a confirm\u00e9 que son mari avait dit \u00e0 un officier d&rsquo;occupation qu&rsquo;il entamerait une gr\u00e8ve de la faim d\u00e8s le premier instant de son arrestation.<\/div>\n<\/div>\n<div class=\"x11i5rnm xat24cr x1mh8g0r x1vvkbs xtlvy1s x126k92a\">\n<div dir=\"auto\">Avec un total de neuf ans de d\u00e9tention, les FOI avaient arr\u00eat\u00e9 le prisonnier devenu martyr 12 fois au total. Pour la plupart, Adnan a \u00e9t\u00e9 d\u00e9tenu en vertu de mandats d&rsquo;arr\u00eat administratifs, selon sa femme, et a subi des arrestations politiques par l&rsquo;Autorit\u00e9 palestinienne en raison de la politique de la porte tournante.<\/div>\n<\/div>\n<div class=\"x11i5rnm xat24cr x1mh8g0r x1vvkbs xtlvy1s x126k92a\">\n<div dir=\"auto\">Arm\u00e9 de sa volont\u00e9 in\u00e9branlable, Cheikh Khader Adnan encha\u00eene les gr\u00e8ves pour s&#8217;emparer de sa libert\u00e9 et d\u00e9livre un message clair de ne pas n\u00e9gocier avec l&rsquo;occupant en disant : \u00ab Nous ne reconna\u00eetrons pas vos d\u00e9cisions fascistes, et nous vous retirerons notre la libert\u00e9 quels que soient les sacrifices.\u00a0\u00bb<\/div>\n<\/div>\n","protected":false},"excerpt":{"rendered":"<p>Qui est le martyr Khader Adnan ? Le prisonnier palestinien Khader Adnan est mort en martyr \u00e0 44 ans apr\u00e8s une longue gr\u00e8ve de la faim. Le h\u00e9ros a soulign\u00e9<\/p>\n","protected":false},"author":2,"featured_media":29567,"comment_status":"closed","ping_status":"open","sticky":false,"template":"","format":"standard","meta":[],"categories":[],"tags":[],"_links":{"self":[{"href":"https:\/\/www.lejournalduforkane.com\/index.php\/wp-json\/wp\/v2\/posts\/29566"}],"collection":[{"href":"https:\/\/www.lejournalduforkane.com\/index.php\/wp-json\/wp\/v2\/posts"}],"about":[{"href":"https:\/\/www.lejournalduforkane.com\/index.php\/wp-json\/wp\/v2\/types\/post"}],"author":[{"embeddable":true,"href":"https:\/\/www.lejournalduforkane.com\/index.php\/wp-json\/wp\/v2\/users\/2"}],"replies":[{"embeddable":true,"href":"https:\/\/www.lejournalduforkane.com\/index.php\/wp-json\/wp\/v2\/comments?post=29566"}],"version-history":[{"count":1,"href":"https:\/\/www.lejournalduforkane.com\/index.php\/wp-json\/wp\/v2\/posts\/29566\/revisions"}],"predecessor-version":[{"id":29568,"href":"https:\/\/www.lejournalduforkane.com\/index.php\/wp-json\/wp\/v2\/posts\/29566\/revisions\/29568"}],"wp:featuredmedia":[{"embeddable":true,"href":"https:\/\/www.lejournalduforkane.com\/index.php\/wp-json\/wp\/v2\/media\/29567"}],"wp:attachment":[{"href":"https:\/\/www.lejournalduforkane.com\/index.php\/wp-json\/wp\/v2\/media?parent=29566"}],"wp:term":[{"taxonomy":"category","embeddable":true,"href":"https:\/\/www.lejournalduforkane.com\/index.php\/wp-json\/wp\/v2\/categories?post=29566"},{"taxonomy":"post_tag","embeddable":true,"href":"https:\/\/www.lejournalduforkane.com\/index.php\/wp-json\/wp\/v2\/tags?post=29566"}],"curies":[{"name":"wp","href":"https:\/\/api.w.org\/{rel}","templated":true}]}}