
{"id":29569,"date":"2023-05-02T17:16:00","date_gmt":"2023-05-02T17:16:00","guid":{"rendered":"https:\/\/www.lejournalduforkane.com\/?p=29569"},"modified":"2023-05-03T17:17:28","modified_gmt":"2023-05-03T17:17:28","slug":"que-cet-enieme-martyr-glorieux-de-loccupation-repose-en-paix","status":"publish","type":"post","link":"https:\/\/www.lejournalduforkane.com\/index.php\/que-cet-enieme-martyr-glorieux-de-loccupation-repose-en-paix\/","title":{"rendered":"Que cet \u00e9ni\u00e8me martyr glorieux de l&rsquo;occupation repose en paix."},"content":{"rendered":"<div class=\"xdj266r x11i5rnm xat24cr x1mh8g0r x1vvkbs x126k92a\">\n<div dir=\"auto\">Le prisonnier palestinien Khader Adnan est d\u00e9c\u00e9d\u00e9 dans les prisons isra\u00e9liennes apr\u00e8s 86 jours de gr\u00e8ve de la faim pour protester contre sa d\u00e9tention arbitraire.<\/div>\n<\/div>\n<div class=\"x11i5rnm xat24cr x1mh8g0r x1vvkbs xtlvy1s x126k92a\">\n<div dir=\"auto\">Que cet \u00e9ni\u00e8me martyr glorieux de l&rsquo;occupation repose en paix.<\/div>\n<\/div>\n<div dir=\"auto\"><\/div>\n<div dir=\"auto\"><img loading=\"lazy\" class=\"alignnone size-full wp-image-29570\" src=\"https:\/\/www.lejournalduforkane.com\/wp-content\/uploads\/2023\/05\/Que-cet-enieme-martyr-glorieux-de-loccupation-repose-en-paix..jpg\" alt=\"\" width=\"526\" height=\"526\" srcset=\"https:\/\/www.lejournalduforkane.com\/wp-content\/uploads\/2023\/05\/Que-cet-enieme-martyr-glorieux-de-loccupation-repose-en-paix..jpg 526w, https:\/\/www.lejournalduforkane.com\/wp-content\/uploads\/2023\/05\/Que-cet-enieme-martyr-glorieux-de-loccupation-repose-en-paix.-300x300.jpg 300w, https:\/\/www.lejournalduforkane.com\/wp-content\/uploads\/2023\/05\/Que-cet-enieme-martyr-glorieux-de-loccupation-repose-en-paix.-150x150.jpg 150w\" sizes=\"(max-width: 526px) 100vw, 526px\" \/><\/div>\n","protected":false},"excerpt":{"rendered":"<p>Le prisonnier palestinien Khader Adnan est d\u00e9c\u00e9d\u00e9 dans les prisons isra\u00e9liennes apr\u00e8s 86 jours de gr\u00e8ve de la faim pour protester contre sa d\u00e9tention arbitraire. Que cet \u00e9ni\u00e8me martyr glorieux<\/p>\n","protected":false},"author":2,"featured_media":29570,"comment_status":"closed","ping_status":"open","sticky":false,"template":"","format":"standard","meta":[],"categories":[],"tags":[],"_links":{"self":[{"href":"https:\/\/www.lejournalduforkane.com\/index.php\/wp-json\/wp\/v2\/posts\/29569"}],"collection":[{"href":"https:\/\/www.lejournalduforkane.com\/index.php\/wp-json\/wp\/v2\/posts"}],"about":[{"href":"https:\/\/www.lejournalduforkane.com\/index.php\/wp-json\/wp\/v2\/types\/post"}],"author":[{"embeddable":true,"href":"https:\/\/www.lejournalduforkane.com\/index.php\/wp-json\/wp\/v2\/users\/2"}],"replies":[{"embeddable":true,"href":"https:\/\/www.lejournalduforkane.com\/index.php\/wp-json\/wp\/v2\/comments?post=29569"}],"version-history":[{"count":1,"href":"https:\/\/www.lejournalduforkane.com\/index.php\/wp-json\/wp\/v2\/posts\/29569\/revisions"}],"predecessor-version":[{"id":29571,"href":"https:\/\/www.lejournalduforkane.com\/index.php\/wp-json\/wp\/v2\/posts\/29569\/revisions\/29571"}],"wp:featuredmedia":[{"embeddable":true,"href":"https:\/\/www.lejournalduforkane.com\/index.php\/wp-json\/wp\/v2\/media\/29570"}],"wp:attachment":[{"href":"https:\/\/www.lejournalduforkane.com\/index.php\/wp-json\/wp\/v2\/media?parent=29569"}],"wp:term":[{"taxonomy":"category","embeddable":true,"href":"https:\/\/www.lejournalduforkane.com\/index.php\/wp-json\/wp\/v2\/categories?post=29569"},{"taxonomy":"post_tag","embeddable":true,"href":"https:\/\/www.lejournalduforkane.com\/index.php\/wp-json\/wp\/v2\/tags?post=29569"}],"curies":[{"name":"wp","href":"https:\/\/api.w.org\/{rel}","templated":true}]}}