
{"id":29572,"date":"2023-05-02T17:18:00","date_gmt":"2023-05-02T17:18:00","guid":{"rendered":"https:\/\/www.lejournalduforkane.com\/?p=29572"},"modified":"2023-05-03T17:20:03","modified_gmt":"2023-05-03T17:20:03","slug":"un-jeune-palestinien-de-17-ans-jibril-el-ladaa-vient-detre-abattu-et-cinq-autres-blesses-lors-dune-attaque-militaire-israelienn","status":"publish","type":"post","link":"https:\/\/www.lejournalduforkane.com\/index.php\/un-jeune-palestinien-de-17-ans-jibril-el-ladaa-vient-detre-abattu-et-cinq-autres-blesses-lors-dune-attaque-militaire-israelienn\/","title":{"rendered":"Un jeune Palestinien de 17 ans, Jibril el-Ladaa, vient d&rsquo;\u00eatre abattu et cinq autres bless\u00e9s lors d&rsquo;une attaque militaire isra\u00e9lienn"},"content":{"rendered":"<p>Un jeune Palestinien de 17 ans, Jibril el-Ladaa, vient d&rsquo;\u00eatre abattu et cinq autres bless\u00e9s lors d&rsquo;une attaque militaire isra\u00e9lienne contre le camp de r\u00e9fugi\u00e9s d&rsquo;Aqabat Jabr \u00e0 Jericho, en Cisjordanie occup\u00e9e, selon des sources m\u00e9dicales.<\/p>\n<p><img loading=\"lazy\" class=\"alignnone size-full wp-image-29573\" src=\"https:\/\/www.lejournalduforkane.com\/wp-content\/uploads\/2023\/05\/Un-jeune-Palestinien-de-17-ans-Jibril-el-Ladaa-vient-detre-abattu-et-cinq-autres-blesses-lors-dune-attaque-militaire-israelienn.jpg\" alt=\"\" width=\"526\" height=\"848\" srcset=\"https:\/\/www.lejournalduforkane.com\/wp-content\/uploads\/2023\/05\/Un-jeune-Palestinien-de-17-ans-Jibril-el-Ladaa-vient-detre-abattu-et-cinq-autres-blesses-lors-dune-attaque-militaire-israelienn.jpg 526w, https:\/\/www.lejournalduforkane.com\/wp-content\/uploads\/2023\/05\/Un-jeune-Palestinien-de-17-ans-Jibril-el-Ladaa-vient-detre-abattu-et-cinq-autres-blesses-lors-dune-attaque-militaire-israelienn-186x300.jpg 186w\" sizes=\"(max-width: 526px) 100vw, 526px\" \/><\/p>\n","protected":false},"excerpt":{"rendered":"<p>Un jeune Palestinien de 17 ans, Jibril el-Ladaa, vient d&rsquo;\u00eatre abattu et cinq autres bless\u00e9s lors d&rsquo;une attaque militaire isra\u00e9lienne contre le camp de r\u00e9fugi\u00e9s d&rsquo;Aqabat Jabr \u00e0 Jericho, en<\/p>\n","protected":false},"author":2,"featured_media":29573,"comment_status":"closed","ping_status":"open","sticky":false,"template":"","format":"standard","meta":[],"categories":[],"tags":[],"_links":{"self":[{"href":"https:\/\/www.lejournalduforkane.com\/index.php\/wp-json\/wp\/v2\/posts\/29572"}],"collection":[{"href":"https:\/\/www.lejournalduforkane.com\/index.php\/wp-json\/wp\/v2\/posts"}],"about":[{"href":"https:\/\/www.lejournalduforkane.com\/index.php\/wp-json\/wp\/v2\/types\/post"}],"author":[{"embeddable":true,"href":"https:\/\/www.lejournalduforkane.com\/index.php\/wp-json\/wp\/v2\/users\/2"}],"replies":[{"embeddable":true,"href":"https:\/\/www.lejournalduforkane.com\/index.php\/wp-json\/wp\/v2\/comments?post=29572"}],"version-history":[{"count":1,"href":"https:\/\/www.lejournalduforkane.com\/index.php\/wp-json\/wp\/v2\/posts\/29572\/revisions"}],"predecessor-version":[{"id":29574,"href":"https:\/\/www.lejournalduforkane.com\/index.php\/wp-json\/wp\/v2\/posts\/29572\/revisions\/29574"}],"wp:featuredmedia":[{"embeddable":true,"href":"https:\/\/www.lejournalduforkane.com\/index.php\/wp-json\/wp\/v2\/media\/29573"}],"wp:attachment":[{"href":"https:\/\/www.lejournalduforkane.com\/index.php\/wp-json\/wp\/v2\/media?parent=29572"}],"wp:term":[{"taxonomy":"category","embeddable":true,"href":"https:\/\/www.lejournalduforkane.com\/index.php\/wp-json\/wp\/v2\/categories?post=29572"},{"taxonomy":"post_tag","embeddable":true,"href":"https:\/\/www.lejournalduforkane.com\/index.php\/wp-json\/wp\/v2\/tags?post=29572"}],"curies":[{"name":"wp","href":"https:\/\/api.w.org\/{rel}","templated":true}]}}