
{"id":29580,"date":"2023-05-13T16:39:00","date_gmt":"2023-05-13T16:39:00","guid":{"rendered":"https:\/\/www.lejournalduforkane.com\/?p=29580"},"modified":"2023-05-24T16:41:28","modified_gmt":"2023-05-24T16:41:28","slug":"video-les-derniers-barrages-de-roquettes-ciblant-tel-aviv-quelques-minutes-avant-lentree-en-vigueur-du-cessez-le-feu","status":"publish","type":"post","link":"https:\/\/www.lejournalduforkane.com\/index.php\/video-les-derniers-barrages-de-roquettes-ciblant-tel-aviv-quelques-minutes-avant-lentree-en-vigueur-du-cessez-le-feu\/","title":{"rendered":"VID\u00c9O : Les derniers barrages de roquettes ciblant Tel-Aviv, quelques minutes avant l&rsquo;entr\u00e9e en vigueur du cessez-le-feu."},"content":{"rendered":"<div class=\"xdj266r x11i5rnm xat24cr x1mh8g0r x1vvkbs x126k92a\">\n<div dir=\"auto\">Isra\u00ebl et le Jihad islamique conviennent d&rsquo;un cessez-le-feu \u00e0 Gaza apr\u00e8s 5 jours de combats<\/div>\n<\/div>\n<div class=\"x11i5rnm xat24cr x1mh8g0r x1vvkbs xtlvy1s x126k92a\">\n<div dir=\"auto\">VID\u00c9O : Les derniers barrages de roquettes ciblant Tel-Aviv, quelques minutes avant l&rsquo;entr\u00e9e en vigueur du cessez-le-feu.<\/div>\n<\/div>\n\n\n<iframe loading=\"lazy\" src=\"https:\/\/www.facebook.com\/plugins\/video.php?height=476&#038;href=https%3A%2F%2Fwww.facebook.com%2Fle.journal.du.forqane%2Fvideos%2F1259540128021776%2F&#038;show_text=false&#038;width=268&#038;t=0\" width=\"268\" height=\"476\" style=\"border:none;overflow:hidden\" scrolling=\"no\" frameborder=\"0\" allowfullscreen=\"true\" allow=\"autoplay; clipboard-write; encrypted-media; picture-in-picture; web-share\" allowFullScreen=\"true\"><\/iframe>\n","protected":false},"excerpt":{"rendered":"<p>Isra\u00ebl et le Jihad islamique conviennent d&rsquo;un cessez-le-feu \u00e0 Gaza apr\u00e8s 5 jours de combats VID\u00c9O : Les derniers barrages de roquettes ciblant Tel-Aviv, quelques minutes avant l&rsquo;entr\u00e9e en vigueur<\/p>\n","protected":false},"author":2,"featured_media":29581,"comment_status":"closed","ping_status":"open","sticky":false,"template":"","format":"standard","meta":[],"categories":[],"tags":[],"_links":{"self":[{"href":"https:\/\/www.lejournalduforkane.com\/index.php\/wp-json\/wp\/v2\/posts\/29580"}],"collection":[{"href":"https:\/\/www.lejournalduforkane.com\/index.php\/wp-json\/wp\/v2\/posts"}],"about":[{"href":"https:\/\/www.lejournalduforkane.com\/index.php\/wp-json\/wp\/v2\/types\/post"}],"author":[{"embeddable":true,"href":"https:\/\/www.lejournalduforkane.com\/index.php\/wp-json\/wp\/v2\/users\/2"}],"replies":[{"embeddable":true,"href":"https:\/\/www.lejournalduforkane.com\/index.php\/wp-json\/wp\/v2\/comments?post=29580"}],"version-history":[{"count":1,"href":"https:\/\/www.lejournalduforkane.com\/index.php\/wp-json\/wp\/v2\/posts\/29580\/revisions"}],"predecessor-version":[{"id":29582,"href":"https:\/\/www.lejournalduforkane.com\/index.php\/wp-json\/wp\/v2\/posts\/29580\/revisions\/29582"}],"wp:featuredmedia":[{"embeddable":true,"href":"https:\/\/www.lejournalduforkane.com\/index.php\/wp-json\/wp\/v2\/media\/29581"}],"wp:attachment":[{"href":"https:\/\/www.lejournalduforkane.com\/index.php\/wp-json\/wp\/v2\/media?parent=29580"}],"wp:term":[{"taxonomy":"category","embeddable":true,"href":"https:\/\/www.lejournalduforkane.com\/index.php\/wp-json\/wp\/v2\/categories?post=29580"},{"taxonomy":"post_tag","embeddable":true,"href":"https:\/\/www.lejournalduforkane.com\/index.php\/wp-json\/wp\/v2\/tags?post=29580"}],"curies":[{"name":"wp","href":"https:\/\/api.w.org\/{rel}","templated":true}]}}