
{"id":29595,"date":"2023-05-13T14:50:00","date_gmt":"2023-05-13T14:50:00","guid":{"rendered":"https:\/\/www.lejournalduforkane.com\/?p=29595"},"modified":"2023-05-24T17:03:40","modified_gmt":"2023-05-24T17:03:40","slug":"lagression-israelienne-sur-gaza-se-poursuit-pour-le-cinquieme-jour","status":"publish","type":"post","link":"https:\/\/www.lejournalduforkane.com\/index.php\/lagression-israelienne-sur-gaza-se-poursuit-pour-le-cinquieme-jour\/","title":{"rendered":"L&rsquo;agression isra\u00e9lienne sur Gaza se poursuit pour le cinqui\u00e8me jour"},"content":{"rendered":"<div class=\"xdj266r x11i5rnm xat24cr x1mh8g0r x1vvkbs x126k92a\">\n<div dir=\"auto\">\n<p>L&rsquo;agression isra\u00e9lienne sur Gaza se poursuit pour le cinqui\u00e8me jour<\/p>\n<p>Les forces d&rsquo;occupation isra\u00e9liennes m\u00e8nent de nouveaux raids a\u00e9riens sur la bande de Gaza dans le prolongement de leur agression.<\/p>\n<p>Pour le cinqui\u00e8me jour cons\u00e9cutif, les forces d&rsquo;occupation isra\u00e9liennes ont lanc\u00e9 une s\u00e9rie de raids a\u00e9riens dans toute la bande de Gaza.<\/p>\n<p>Les avions de combat isra\u00e9liens ont cibl\u00e9 des immeubles r\u00e9sidentiels dans le nord, le centre et le sud de la bande de Gaza, tuant et blessant un certain nombre de Palestiniens.<\/p>\n<p>En r\u00e9ponse \u00e0 la brutale agression isra\u00e9lienne, la R\u00e9sistance palestinienne a tir\u00e9 des centaines de roquettes de diff\u00e9rentes port\u00e9es. Parall\u00e8lement, la radio isra\u00e9lienne rapporte que les sir\u00e8nes retentissent dans les colonies ill\u00e9gales occup\u00e9es d&rsquo;Asqalan : \u00ab\u00a0Kibboutz Nirim\u00a0\u00bb et \u00ab\u00a0Ein Hashlosha\u00a0\u00bb, pr\u00e8s de la fronti\u00e8re avec la bande de Gaza.<\/p>\n<p>L&rsquo;occupation isra\u00e9lienne visait des terres agricoles \u00e0 l&rsquo;est de Gaza.<\/p>\n<p>Une source du mouvement du Jihad islamique palestinien a d\u00e9clar\u00e9 vendredi soir que les informations diffus\u00e9es par les m\u00e9dias sur toute d\u00e9sescalade \u00e9taient fausses.<\/p>\n<p>Les m\u00e9dias isra\u00e9liens ont rapport\u00e9 que la R\u00e9sistance palestinienne se pr\u00e9parait \u00e0 une frappe massive de missiles.<\/p>\n<p>\u00ab\u00a0Isra\u00ebl\u00a0\u00bb fait couler plus de sang palestinien<\/p>\n<p>La branche arm\u00e9e du Mouvement du Jihad islamique palestinien (JIP), a pleur\u00e9 vendredi Iyad Al-Hassani (Abu Anas), membre de son Conseil militaire et commandant de l&rsquo;unit\u00e9 des op\u00e9rations des brigades, qui a \u00e9t\u00e9 martyris\u00e9 dans un l\u00e2che assassina isra\u00e9lien \u00e0 Al- Quartier de Nasr, \u00e0 l&rsquo;ouest de la ville de Gaza.<\/p>\n<p>Depuis le d\u00e9but de l&rsquo;agression mardi, l&rsquo;occupation isra\u00e9lienne a assassin\u00e9 les commandants des Brigades Al-Qods Jihad Ghannam, Khalil Al-Bahtini, Tarek Ezzedine, Ali Hassan Ghali, Ahmad Abu Daqqa et r\u00e9cemment Iyad Al-Hassani.<\/p>\n<p>La salle des op\u00e9rations conjointes des factions de la R\u00e9sistance a \u00e9galement pleur\u00e9 le martyr, soulignant que les crimes de l&rsquo;occupation isra\u00e9lienne n&rsquo;arr\u00eateront pas la r\u00e9sistance et l&rsquo;unit\u00e9 du peuple palestinien.<\/p>\n<p>Plus t\u00f4t vendredi, les Brigades Al-Qods ont menac\u00e9 l&rsquo;occupation isra\u00e9lienne par le biais d&rsquo;une vid\u00e9o qu&rsquo;elles ont publi\u00e9e, intitul\u00e9e : \u00ab\u00a0Votre fronde ne vous fera aucun bien\u00a0\u00bb, en r\u00e9f\u00e9rence au syst\u00e8me antimissile David&rsquo;s Sling d'\u00a0\u00bbIsra\u00ebl\u00a0\u00bb qui a \u00e9t\u00e9 utilis\u00e9 pour la premi\u00e8re le temps d&rsquo;intercepter les roquettes de la R\u00e9sistance palestinienne tir\u00e9es depuis la bande de Gaza vers \u00ab Tel-Aviv \u00bb.<\/p>\n<p>Dans la vid\u00e9o, les Brigades Al-Quds ont pr\u00e9sent\u00e9 les caract\u00e9ristiques de la fus\u00e9e Boraq-85, qui a \u00e9t\u00e9 fabriqu\u00e9e par ses combattants en 2019 et a une port\u00e9e de 85 kilom\u00e8tres.<\/p>\n<p>Le JIP a averti que davantage de frappes frapperont l&rsquo;ennemi en profondeur en r\u00e9ponse au ciblage et \u00e0 la destruction de maisons civiles.<\/p>\n<p>Il convient de noter que la r\u00e9sistance palestinienne a jusqu&rsquo;\u00e0 pr\u00e9sent tir\u00e9 au moins 1 100 roquettes vers les territoires palestiniens occup\u00e9s, a rapport\u00e9 samedi la cha\u00eene de t\u00e9l\u00e9vision publique isra\u00e9lienne KAN.<\/p>\n<p>L&rsquo;agression isra\u00e9lienne sur la bande de Gaza a laiss\u00e9 une tra\u00een\u00e9e de destruction, d&rsquo;autant plus que la cible principale a \u00e9t\u00e9 les maisons r\u00e9sidentielles.<\/p>\n<\/div>\n<\/div>\n","protected":false},"excerpt":{"rendered":"<p>L&rsquo;agression isra\u00e9lienne sur Gaza se poursuit pour le cinqui\u00e8me jour Les forces d&rsquo;occupation isra\u00e9liennes m\u00e8nent de nouveaux raids a\u00e9riens sur la bande de Gaza dans le prolongement de leur agression.<\/p>\n","protected":false},"author":2,"featured_media":29596,"comment_status":"closed","ping_status":"open","sticky":false,"template":"","format":"standard","meta":[],"categories":[],"tags":[],"_links":{"self":[{"href":"https:\/\/www.lejournalduforkane.com\/index.php\/wp-json\/wp\/v2\/posts\/29595"}],"collection":[{"href":"https:\/\/www.lejournalduforkane.com\/index.php\/wp-json\/wp\/v2\/posts"}],"about":[{"href":"https:\/\/www.lejournalduforkane.com\/index.php\/wp-json\/wp\/v2\/types\/post"}],"author":[{"embeddable":true,"href":"https:\/\/www.lejournalduforkane.com\/index.php\/wp-json\/wp\/v2\/users\/2"}],"replies":[{"embeddable":true,"href":"https:\/\/www.lejournalduforkane.com\/index.php\/wp-json\/wp\/v2\/comments?post=29595"}],"version-history":[{"count":1,"href":"https:\/\/www.lejournalduforkane.com\/index.php\/wp-json\/wp\/v2\/posts\/29595\/revisions"}],"predecessor-version":[{"id":29597,"href":"https:\/\/www.lejournalduforkane.com\/index.php\/wp-json\/wp\/v2\/posts\/29595\/revisions\/29597"}],"wp:featuredmedia":[{"embeddable":true,"href":"https:\/\/www.lejournalduforkane.com\/index.php\/wp-json\/wp\/v2\/media\/29596"}],"wp:attachment":[{"href":"https:\/\/www.lejournalduforkane.com\/index.php\/wp-json\/wp\/v2\/media?parent=29595"}],"wp:term":[{"taxonomy":"category","embeddable":true,"href":"https:\/\/www.lejournalduforkane.com\/index.php\/wp-json\/wp\/v2\/categories?post=29595"},{"taxonomy":"post_tag","embeddable":true,"href":"https:\/\/www.lejournalduforkane.com\/index.php\/wp-json\/wp\/v2\/tags?post=29595"}],"curies":[{"name":"wp","href":"https:\/\/api.w.org\/{rel}","templated":true}]}}