
{"id":29598,"date":"2023-05-13T14:45:00","date_gmt":"2023-05-13T14:45:00","guid":{"rendered":"https:\/\/www.lejournalduforkane.com\/?p=29598"},"modified":"2023-05-24T17:08:15","modified_gmt":"2023-05-24T17:08:15","slug":"regardez-les-colons-israeliens-fuient-alors-que-les-sirenes-hurlent-pres-de-jerusalem-occupee-en-raison-des-roquettes-artisanales-palestiniennes-lancees-en-reponse-a-lagression-brutale-disrael-c","status":"publish","type":"post","link":"https:\/\/www.lejournalduforkane.com\/index.php\/regardez-les-colons-israeliens-fuient-alors-que-les-sirenes-hurlent-pres-de-jerusalem-occupee-en-raison-des-roquettes-artisanales-palestiniennes-lancees-en-reponse-a-lagression-brutale-disrael-c\/","title":{"rendered":"Regardez : Les colons isra\u00e9liens fuient alors que les sir\u00e8nes hurlent pr\u00e8s de J\u00e9rusalem occup\u00e9e en raison des roquettes artisanales palestiniennes lanc\u00e9es en r\u00e9ponse \u00e0 l&rsquo;agression brutale d&rsquo;Isra\u00ebl contre la bande de Gaza, aujourd&rsquo;hui."},"content":{"rendered":"\n<iframe loading=\"lazy\" src=\"https:\/\/www.facebook.com\/plugins\/video.php?height=317&#038;href=https%3A%2F%2Fwww.facebook.com%2Fle.journal.du.forqane%2Fvideos%2F759213262590060%2F&#038;show_text=false&#038;width=560&#038;t=0\" width=\"560\" height=\"317\" style=\"border:none;overflow:hidden\" scrolling=\"no\" frameborder=\"0\" allowfullscreen=\"true\" allow=\"autoplay; clipboard-write; encrypted-media; picture-in-picture; web-share\" allowFullScreen=\"true\"><\/iframe>\n","protected":false},"excerpt":{"rendered":"","protected":false},"author":2,"featured_media":29599,"comment_status":"closed","ping_status":"open","sticky":false,"template":"","format":"standard","meta":[],"categories":[],"tags":[],"_links":{"self":[{"href":"https:\/\/www.lejournalduforkane.com\/index.php\/wp-json\/wp\/v2\/posts\/29598"}],"collection":[{"href":"https:\/\/www.lejournalduforkane.com\/index.php\/wp-json\/wp\/v2\/posts"}],"about":[{"href":"https:\/\/www.lejournalduforkane.com\/index.php\/wp-json\/wp\/v2\/types\/post"}],"author":[{"embeddable":true,"href":"https:\/\/www.lejournalduforkane.com\/index.php\/wp-json\/wp\/v2\/users\/2"}],"replies":[{"embeddable":true,"href":"https:\/\/www.lejournalduforkane.com\/index.php\/wp-json\/wp\/v2\/comments?post=29598"}],"version-history":[{"count":1,"href":"https:\/\/www.lejournalduforkane.com\/index.php\/wp-json\/wp\/v2\/posts\/29598\/revisions"}],"predecessor-version":[{"id":29600,"href":"https:\/\/www.lejournalduforkane.com\/index.php\/wp-json\/wp\/v2\/posts\/29598\/revisions\/29600"}],"wp:featuredmedia":[{"embeddable":true,"href":"https:\/\/www.lejournalduforkane.com\/index.php\/wp-json\/wp\/v2\/media\/29599"}],"wp:attachment":[{"href":"https:\/\/www.lejournalduforkane.com\/index.php\/wp-json\/wp\/v2\/media?parent=29598"}],"wp:term":[{"taxonomy":"category","embeddable":true,"href":"https:\/\/www.lejournalduforkane.com\/index.php\/wp-json\/wp\/v2\/categories?post=29598"},{"taxonomy":"post_tag","embeddable":true,"href":"https:\/\/www.lejournalduforkane.com\/index.php\/wp-json\/wp\/v2\/tags?post=29598"}],"curies":[{"name":"wp","href":"https:\/\/api.w.org\/{rel}","templated":true}]}}