
{"id":29601,"date":"2023-05-13T14:10:00","date_gmt":"2023-05-13T14:10:00","guid":{"rendered":"https:\/\/www.lejournalduforkane.com\/?p=29601"},"modified":"2023-05-24T17:13:02","modified_gmt":"2023-05-24T17:13:02","slug":"le-club-deportivo-palestino-du-chili-est-solidaire-du-peuple-palestinien-celebrant-la-journee-mondiale-du-keffieh-lors-de-son-entree-contre-everton-de-vina-del-mar","status":"publish","type":"post","link":"https:\/\/www.lejournalduforkane.com\/index.php\/le-club-deportivo-palestino-du-chili-est-solidaire-du-peuple-palestinien-celebrant-la-journee-mondiale-du-keffieh-lors-de-son-entree-contre-everton-de-vina-del-mar\/","title":{"rendered":"Le Club Deportivo Palestino du Chili est solidaire du peuple palestinien, c\u00e9l\u00e9brant la Journ\u00e9e mondiale du keffieh lors de son entr\u00e9e contre Everton de Vi\u00f1a del Mar."},"content":{"rendered":"\n<figure class=\"wp-block-image size-large\"><img loading=\"lazy\" width=\"680\" height=\"461\" src=\"https:\/\/www.lejournalduforkane.com\/wp-content\/uploads\/2023\/05\/Le-Club-Deportivo-Palestino-du-Chili-est-solidaire-du-peuple-palestinien-celebrant-la-Journee-mondiale-du-keffieh-lors-de-son-entree-contre-Everton-de-Vina-del-Mar..jpg\" alt=\"\" class=\"wp-image-29602\" srcset=\"https:\/\/www.lejournalduforkane.com\/wp-content\/uploads\/2023\/05\/Le-Club-Deportivo-Palestino-du-Chili-est-solidaire-du-peuple-palestinien-celebrant-la-Journee-mondiale-du-keffieh-lors-de-son-entree-contre-Everton-de-Vina-del-Mar..jpg 680w, https:\/\/www.lejournalduforkane.com\/wp-content\/uploads\/2023\/05\/Le-Club-Deportivo-Palestino-du-Chili-est-solidaire-du-peuple-palestinien-celebrant-la-Journee-mondiale-du-keffieh-lors-de-son-entree-contre-Everton-de-Vina-del-Mar.-300x203.jpg 300w\" sizes=\"(max-width: 680px) 100vw, 680px\" \/><\/figure>\n","protected":false},"excerpt":{"rendered":"","protected":false},"author":2,"featured_media":29602,"comment_status":"closed","ping_status":"open","sticky":false,"template":"","format":"standard","meta":[],"categories":[],"tags":[],"_links":{"self":[{"href":"https:\/\/www.lejournalduforkane.com\/index.php\/wp-json\/wp\/v2\/posts\/29601"}],"collection":[{"href":"https:\/\/www.lejournalduforkane.com\/index.php\/wp-json\/wp\/v2\/posts"}],"about":[{"href":"https:\/\/www.lejournalduforkane.com\/index.php\/wp-json\/wp\/v2\/types\/post"}],"author":[{"embeddable":true,"href":"https:\/\/www.lejournalduforkane.com\/index.php\/wp-json\/wp\/v2\/users\/2"}],"replies":[{"embeddable":true,"href":"https:\/\/www.lejournalduforkane.com\/index.php\/wp-json\/wp\/v2\/comments?post=29601"}],"version-history":[{"count":1,"href":"https:\/\/www.lejournalduforkane.com\/index.php\/wp-json\/wp\/v2\/posts\/29601\/revisions"}],"predecessor-version":[{"id":29603,"href":"https:\/\/www.lejournalduforkane.com\/index.php\/wp-json\/wp\/v2\/posts\/29601\/revisions\/29603"}],"wp:featuredmedia":[{"embeddable":true,"href":"https:\/\/www.lejournalduforkane.com\/index.php\/wp-json\/wp\/v2\/media\/29602"}],"wp:attachment":[{"href":"https:\/\/www.lejournalduforkane.com\/index.php\/wp-json\/wp\/v2\/media?parent=29601"}],"wp:term":[{"taxonomy":"category","embeddable":true,"href":"https:\/\/www.lejournalduforkane.com\/index.php\/wp-json\/wp\/v2\/categories?post=29601"},{"taxonomy":"post_tag","embeddable":true,"href":"https:\/\/www.lejournalduforkane.com\/index.php\/wp-json\/wp\/v2\/tags?post=29601"}],"curies":[{"name":"wp","href":"https:\/\/api.w.org\/{rel}","templated":true}]}}