
{"id":29607,"date":"2023-05-11T17:17:00","date_gmt":"2023-05-11T17:17:00","guid":{"rendered":"https:\/\/www.lejournalduforkane.com\/?p=29607"},"modified":"2023-05-24T17:18:40","modified_gmt":"2023-05-24T17:18:40","slug":"cela-fait-un-an-que-la-journaliste-americano-palestinienne-dal-jazeera-shireen-abu-akleh-a-ete-tuee-par-les-forces-israeliennes","status":"publish","type":"post","link":"https:\/\/www.lejournalduforkane.com\/index.php\/cela-fait-un-an-que-la-journaliste-americano-palestinienne-dal-jazeera-shireen-abu-akleh-a-ete-tuee-par-les-forces-israeliennes\/","title":{"rendered":"Cela fait un an que la journaliste am\u00e9ricano-palestinienne d&rsquo;Al Jazeera, Shireen Abu Akleh, a \u00e9t\u00e9 tu\u00e9e par les forces isra\u00e9liennes"},"content":{"rendered":"<div class=\"xdj266r x11i5rnm xat24cr x1mh8g0r x1vvkbs x126k92a\">\n<div dir=\"auto\">Cela fait un an que la journaliste am\u00e9ricano-palestinienne d&rsquo;Al Jazeera, Shireen Abu Akleh, a \u00e9t\u00e9 tu\u00e9e par les forces isra\u00e9liennes dans la ville occup\u00e9e de J\u00e9nine, en Cisjordanie, alors qu&rsquo;elle couvrait un raid sur la ville.<\/div>\n<\/div>\n<div class=\"x11i5rnm xat24cr x1mh8g0r x1vvkbs xtlvy1s x126k92a\">\n<div dir=\"auto\">Les demandes de justice restent cependant sans r\u00e9ponse.<\/div>\n<\/div>\n<div dir=\"auto\"><\/div>\n<div dir=\"auto\"><img loading=\"lazy\" class=\"alignnone size-full wp-image-29608\" src=\"https:\/\/www.lejournalduforkane.com\/wp-content\/uploads\/2023\/05\/ca-fait-1-ans.jpg\" alt=\"\" width=\"526\" height=\"509\" srcset=\"https:\/\/www.lejournalduforkane.com\/wp-content\/uploads\/2023\/05\/ca-fait-1-ans.jpg 526w, https:\/\/www.lejournalduforkane.com\/wp-content\/uploads\/2023\/05\/ca-fait-1-ans-300x290.jpg 300w\" sizes=\"(max-width: 526px) 100vw, 526px\" \/><\/div>\n","protected":false},"excerpt":{"rendered":"<p>Cela fait un an que la journaliste am\u00e9ricano-palestinienne d&rsquo;Al Jazeera, Shireen Abu Akleh, a \u00e9t\u00e9 tu\u00e9e par les forces isra\u00e9liennes dans la ville occup\u00e9e de J\u00e9nine, en Cisjordanie, alors qu&rsquo;elle<\/p>\n","protected":false},"author":2,"featured_media":29608,"comment_status":"closed","ping_status":"open","sticky":false,"template":"","format":"standard","meta":[],"categories":[],"tags":[],"_links":{"self":[{"href":"https:\/\/www.lejournalduforkane.com\/index.php\/wp-json\/wp\/v2\/posts\/29607"}],"collection":[{"href":"https:\/\/www.lejournalduforkane.com\/index.php\/wp-json\/wp\/v2\/posts"}],"about":[{"href":"https:\/\/www.lejournalduforkane.com\/index.php\/wp-json\/wp\/v2\/types\/post"}],"author":[{"embeddable":true,"href":"https:\/\/www.lejournalduforkane.com\/index.php\/wp-json\/wp\/v2\/users\/2"}],"replies":[{"embeddable":true,"href":"https:\/\/www.lejournalduforkane.com\/index.php\/wp-json\/wp\/v2\/comments?post=29607"}],"version-history":[{"count":1,"href":"https:\/\/www.lejournalduforkane.com\/index.php\/wp-json\/wp\/v2\/posts\/29607\/revisions"}],"predecessor-version":[{"id":29609,"href":"https:\/\/www.lejournalduforkane.com\/index.php\/wp-json\/wp\/v2\/posts\/29607\/revisions\/29609"}],"wp:featuredmedia":[{"embeddable":true,"href":"https:\/\/www.lejournalduforkane.com\/index.php\/wp-json\/wp\/v2\/media\/29608"}],"wp:attachment":[{"href":"https:\/\/www.lejournalduforkane.com\/index.php\/wp-json\/wp\/v2\/media?parent=29607"}],"wp:term":[{"taxonomy":"category","embeddable":true,"href":"https:\/\/www.lejournalduforkane.com\/index.php\/wp-json\/wp\/v2\/categories?post=29607"},{"taxonomy":"post_tag","embeddable":true,"href":"https:\/\/www.lejournalduforkane.com\/index.php\/wp-json\/wp\/v2\/tags?post=29607"}],"curies":[{"name":"wp","href":"https:\/\/api.w.org\/{rel}","templated":true}]}}