
{"id":29610,"date":"2023-05-10T17:19:00","date_gmt":"2023-05-10T17:19:00","guid":{"rendered":"https:\/\/www.lejournalduforkane.com\/?p=29610"},"modified":"2023-05-24T17:22:28","modified_gmt":"2023-05-24T17:22:28","slug":"en-reponse-a-lagression-la-destruction-dashkelon-occupee","status":"publish","type":"post","link":"https:\/\/www.lejournalduforkane.com\/index.php\/en-reponse-a-lagression-la-destruction-dashkelon-occupee\/","title":{"rendered":"En r\u00e9ponse \u00e0 l&rsquo;agression&#8230; la destruction d&rsquo;Ashkelon occup\u00e9e"},"content":{"rendered":"\n<figure class=\"wp-block-embed is-type-video is-provider-youtube wp-block-embed-youtube wp-embed-aspect-16-9 wp-has-aspect-ratio\"><div class=\"wp-block-embed__wrapper\">\n<iframe loading=\"lazy\" title=\"\u0631\u062f\u0627\u064b \u0639\u0644\u0649 \u0627\u0644\u0639\u062f\u0648\u0627\u0646.. \u062f\u0645\u0627\u0631 \u0641\u064a \u0639\u0633\u0642\u0644\u0627\u0646 \u0627\u0644\u0645\u062d\u062a\u0644\u0629\" width=\"500\" height=\"281\" src=\"https:\/\/www.youtube.com\/embed\/y8L1n-kerF0?feature=oembed\" frameborder=\"0\" allow=\"accelerometer; autoplay; clipboard-write; encrypted-media; gyroscope; picture-in-picture; web-share\" allowfullscreen><\/iframe>\n<\/div><\/figure>\n","protected":false},"excerpt":{"rendered":"https:\/\/www.youtube.com\/watch?app=desktop&amp;v=y8L1n-kerF0&amp;feature=youtu.be&amp;fbclid=IwAR1LERTEMx7KIRaH7cvCkMJVkjuejH1gby2Tezgnmq0MiWfV-0HyZ6_8tIg","protected":false},"author":2,"featured_media":29611,"comment_status":"closed","ping_status":"open","sticky":false,"template":"","format":"standard","meta":[],"categories":[],"tags":[],"_links":{"self":[{"href":"https:\/\/www.lejournalduforkane.com\/index.php\/wp-json\/wp\/v2\/posts\/29610"}],"collection":[{"href":"https:\/\/www.lejournalduforkane.com\/index.php\/wp-json\/wp\/v2\/posts"}],"about":[{"href":"https:\/\/www.lejournalduforkane.com\/index.php\/wp-json\/wp\/v2\/types\/post"}],"author":[{"embeddable":true,"href":"https:\/\/www.lejournalduforkane.com\/index.php\/wp-json\/wp\/v2\/users\/2"}],"replies":[{"embeddable":true,"href":"https:\/\/www.lejournalduforkane.com\/index.php\/wp-json\/wp\/v2\/comments?post=29610"}],"version-history":[{"count":1,"href":"https:\/\/www.lejournalduforkane.com\/index.php\/wp-json\/wp\/v2\/posts\/29610\/revisions"}],"predecessor-version":[{"id":29612,"href":"https:\/\/www.lejournalduforkane.com\/index.php\/wp-json\/wp\/v2\/posts\/29610\/revisions\/29612"}],"wp:featuredmedia":[{"embeddable":true,"href":"https:\/\/www.lejournalduforkane.com\/index.php\/wp-json\/wp\/v2\/media\/29611"}],"wp:attachment":[{"href":"https:\/\/www.lejournalduforkane.com\/index.php\/wp-json\/wp\/v2\/media?parent=29610"}],"wp:term":[{"taxonomy":"category","embeddable":true,"href":"https:\/\/www.lejournalduforkane.com\/index.php\/wp-json\/wp\/v2\/categories?post=29610"},{"taxonomy":"post_tag","embeddable":true,"href":"https:\/\/www.lejournalduforkane.com\/index.php\/wp-json\/wp\/v2\/tags?post=29610"}],"curies":[{"name":"wp","href":"https:\/\/api.w.org\/{rel}","templated":true}]}}