
{"id":29637,"date":"2023-07-18T13:38:49","date_gmt":"2023-07-18T13:38:49","guid":{"rendered":"https:\/\/www.lejournalduforkane.com\/?p=29637"},"modified":"2023-07-18T13:38:52","modified_gmt":"2023-07-18T13:38:52","slug":"le-premier-ministre-irakien-sest-rendu-en-syrie-apres-12-ans","status":"publish","type":"post","link":"https:\/\/www.lejournalduforkane.com\/index.php\/le-premier-ministre-irakien-sest-rendu-en-syrie-apres-12-ans\/","title":{"rendered":"Le Premier ministre irakien s&rsquo;est rendu en Syrie apr\u00e8s 12 ans"},"content":{"rendered":"<div class=\"xdj266r x11i5rnm xat24cr x1mh8g0r x1vvkbs x126k92a\">\n<div dir=\"auto\">Le Premier ministre irakien s&rsquo;est rendu en Syrie apr\u00e8s 12 ans.<\/div>\n<\/div>\n<div class=\"x11i5rnm xat24cr x1mh8g0r x1vvkbs xtlvy1s x126k92a\">\n<div dir=\"auto\">Apr\u00e8s l&rsquo;annulation de la suspension de l&rsquo;adh\u00e9sion de la Syrie \u00e0 la Ligue arabe et la pr\u00e9sence de Bachar al-Assad, les uns apr\u00e8s les autres, les pays arabes normalisent leurs relations avec Damas<\/div>\n<\/div>\n<div dir=\"auto\"><\/div>\n<div dir=\"auto\"><img loading=\"lazy\" class=\"alignnone size-full wp-image-29638\" src=\"https:\/\/www.lejournalduforkane.com\/wp-content\/uploads\/2023\/07\/Le-Premier-ministre-irakien-sest-rendu-en-Syrie-apres-12-ans1.jpg\" alt=\"\" width=\"900\" height=\"408\" srcset=\"https:\/\/www.lejournalduforkane.com\/wp-content\/uploads\/2023\/07\/Le-Premier-ministre-irakien-sest-rendu-en-Syrie-apres-12-ans1.jpg 900w, https:\/\/www.lejournalduforkane.com\/wp-content\/uploads\/2023\/07\/Le-Premier-ministre-irakien-sest-rendu-en-Syrie-apres-12-ans1-300x136.jpg 300w, https:\/\/www.lejournalduforkane.com\/wp-content\/uploads\/2023\/07\/Le-Premier-ministre-irakien-sest-rendu-en-Syrie-apres-12-ans1-768x348.jpg 768w\" sizes=\"(max-width: 900px) 100vw, 900px\" \/> <img loading=\"lazy\" class=\"alignnone size-full wp-image-29639\" src=\"https:\/\/www.lejournalduforkane.com\/wp-content\/uploads\/2023\/07\/Le-Premier-ministre-irakien-sest-rendu-en-Syrie-apres-12-ans..jpg\" alt=\"\" width=\"679\" height=\"492\" srcset=\"https:\/\/www.lejournalduforkane.com\/wp-content\/uploads\/2023\/07\/Le-Premier-ministre-irakien-sest-rendu-en-Syrie-apres-12-ans..jpg 679w, https:\/\/www.lejournalduforkane.com\/wp-content\/uploads\/2023\/07\/Le-Premier-ministre-irakien-sest-rendu-en-Syrie-apres-12-ans.-300x217.jpg 300w\" sizes=\"(max-width: 679px) 100vw, 679px\" \/><\/div>\n","protected":false},"excerpt":{"rendered":"<p>Le Premier ministre irakien s&rsquo;est rendu en Syrie apr\u00e8s 12 ans. Apr\u00e8s l&rsquo;annulation de la suspension de l&rsquo;adh\u00e9sion de la Syrie \u00e0 la Ligue arabe et la pr\u00e9sence de Bachar<\/p>\n","protected":false},"author":2,"featured_media":29638,"comment_status":"closed","ping_status":"open","sticky":false,"template":"","format":"standard","meta":[],"categories":[],"tags":[],"_links":{"self":[{"href":"https:\/\/www.lejournalduforkane.com\/index.php\/wp-json\/wp\/v2\/posts\/29637"}],"collection":[{"href":"https:\/\/www.lejournalduforkane.com\/index.php\/wp-json\/wp\/v2\/posts"}],"about":[{"href":"https:\/\/www.lejournalduforkane.com\/index.php\/wp-json\/wp\/v2\/types\/post"}],"author":[{"embeddable":true,"href":"https:\/\/www.lejournalduforkane.com\/index.php\/wp-json\/wp\/v2\/users\/2"}],"replies":[{"embeddable":true,"href":"https:\/\/www.lejournalduforkane.com\/index.php\/wp-json\/wp\/v2\/comments?post=29637"}],"version-history":[{"count":1,"href":"https:\/\/www.lejournalduforkane.com\/index.php\/wp-json\/wp\/v2\/posts\/29637\/revisions"}],"predecessor-version":[{"id":29640,"href":"https:\/\/www.lejournalduforkane.com\/index.php\/wp-json\/wp\/v2\/posts\/29637\/revisions\/29640"}],"wp:featuredmedia":[{"embeddable":true,"href":"https:\/\/www.lejournalduforkane.com\/index.php\/wp-json\/wp\/v2\/media\/29638"}],"wp:attachment":[{"href":"https:\/\/www.lejournalduforkane.com\/index.php\/wp-json\/wp\/v2\/media?parent=29637"}],"wp:term":[{"taxonomy":"category","embeddable":true,"href":"https:\/\/www.lejournalduforkane.com\/index.php\/wp-json\/wp\/v2\/categories?post=29637"},{"taxonomy":"post_tag","embeddable":true,"href":"https:\/\/www.lejournalduforkane.com\/index.php\/wp-json\/wp\/v2\/tags?post=29637"}],"curies":[{"name":"wp","href":"https:\/\/api.w.org\/{rel}","templated":true}]}}