
{"id":29641,"date":"2023-07-18T13:41:02","date_gmt":"2023-07-18T13:41:02","guid":{"rendered":"https:\/\/www.lejournalduforkane.com\/?p=29641"},"modified":"2023-08-02T17:18:06","modified_gmt":"2023-08-02T17:18:06","slug":"29641","status":"publish","type":"post","link":"https:\/\/www.lejournalduforkane.com\/index.php\/29641\/","title":{"rendered":"Le pr\u00e9sident de l&rsquo;Iran \u00e9tait au Kenya, en Ouganda et au Zimbabwe."},"content":{"rendered":"<div class=\"xdj266r x11i5rnm xat24cr x1mh8g0r x1vvkbs x126k92a\">\n<div dir=\"auto\">Le pr\u00e9sident de l&rsquo;Iran \u00e9tait au Kenya, en Ouganda et au Zimbabwe.<\/div>\n<\/div>\n<div class=\"x11i5rnm xat24cr x1mh8g0r x1vvkbs xtlvy1s x126k92a\">\n<div dir=\"auto\">Signature des documents de coop\u00e9ration dans les domaines des communications, des mines, de la p\u00eache, du tourisme et d&rsquo;autres questions avec la signature des hauts fonctionnaires des pays.<\/div>\n<\/div>\n<div dir=\"auto\"><\/div>\n<div dir=\"auto\"><img loading=\"lazy\" class=\"alignnone size-full wp-image-29642\" src=\"https:\/\/www.lejournalduforkane.com\/wp-content\/uploads\/2023\/07\/Le-president-de-lIran-etait-au-Kenya-en-Ouganda-et-au-Zimbabwe.2.jpg\" alt=\"\" width=\"360\" height=\"360\" srcset=\"https:\/\/www.lejournalduforkane.com\/wp-content\/uploads\/2023\/07\/Le-president-de-lIran-etait-au-Kenya-en-Ouganda-et-au-Zimbabwe.2.jpg 360w, https:\/\/www.lejournalduforkane.com\/wp-content\/uploads\/2023\/07\/Le-president-de-lIran-etait-au-Kenya-en-Ouganda-et-au-Zimbabwe.2-300x300.jpg 300w, https:\/\/www.lejournalduforkane.com\/wp-content\/uploads\/2023\/07\/Le-president-de-lIran-etait-au-Kenya-en-Ouganda-et-au-Zimbabwe.2-150x150.jpg 150w\" sizes=\"(max-width: 360px) 100vw, 360px\" \/><\/div>\n<div dir=\"auto\"><img loading=\"lazy\" class=\"alignnone size-full wp-image-29643\" src=\"https:\/\/www.lejournalduforkane.com\/wp-content\/uploads\/2023\/07\/Le-president-de-lIran-etait-au-Kenya-en-Ouganda-et-au-Zimbabwe.1.jpg\" alt=\"\" width=\"360\" height=\"207\" srcset=\"https:\/\/www.lejournalduforkane.com\/wp-content\/uploads\/2023\/07\/Le-president-de-lIran-etait-au-Kenya-en-Ouganda-et-au-Zimbabwe.1.jpg 360w, https:\/\/www.lejournalduforkane.com\/wp-content\/uploads\/2023\/07\/Le-president-de-lIran-etait-au-Kenya-en-Ouganda-et-au-Zimbabwe.1-300x173.jpg 300w\" sizes=\"(max-width: 360px) 100vw, 360px\" \/><\/div>\n<div dir=\"auto\"><img loading=\"lazy\" class=\"alignnone size-full wp-image-29644\" src=\"https:\/\/www.lejournalduforkane.com\/wp-content\/uploads\/2023\/07\/Le-president-de-lIran-etait-au-Kenya-en-Ouganda-et-au-Zimbabwe..jpg\" alt=\"\" width=\"360\" height=\"360\" srcset=\"https:\/\/www.lejournalduforkane.com\/wp-content\/uploads\/2023\/07\/Le-president-de-lIran-etait-au-Kenya-en-Ouganda-et-au-Zimbabwe..jpg 360w, https:\/\/www.lejournalduforkane.com\/wp-content\/uploads\/2023\/07\/Le-president-de-lIran-etait-au-Kenya-en-Ouganda-et-au-Zimbabwe.-300x300.jpg 300w, https:\/\/www.lejournalduforkane.com\/wp-content\/uploads\/2023\/07\/Le-president-de-lIran-etait-au-Kenya-en-Ouganda-et-au-Zimbabwe.-150x150.jpg 150w\" sizes=\"(max-width: 360px) 100vw, 360px\" \/><\/div>\n","protected":false},"excerpt":{"rendered":"<p>Le pr\u00e9sident de l&rsquo;Iran \u00e9tait au Kenya, en Ouganda et au Zimbabwe. Signature des documents de coop\u00e9ration dans les domaines des communications, des mines, de la p\u00eache, du tourisme et<\/p>\n","protected":false},"author":2,"featured_media":29644,"comment_status":"closed","ping_status":"open","sticky":false,"template":"","format":"standard","meta":[],"categories":[],"tags":[],"_links":{"self":[{"href":"https:\/\/www.lejournalduforkane.com\/index.php\/wp-json\/wp\/v2\/posts\/29641"}],"collection":[{"href":"https:\/\/www.lejournalduforkane.com\/index.php\/wp-json\/wp\/v2\/posts"}],"about":[{"href":"https:\/\/www.lejournalduforkane.com\/index.php\/wp-json\/wp\/v2\/types\/post"}],"author":[{"embeddable":true,"href":"https:\/\/www.lejournalduforkane.com\/index.php\/wp-json\/wp\/v2\/users\/2"}],"replies":[{"embeddable":true,"href":"https:\/\/www.lejournalduforkane.com\/index.php\/wp-json\/wp\/v2\/comments?post=29641"}],"version-history":[{"count":2,"href":"https:\/\/www.lejournalduforkane.com\/index.php\/wp-json\/wp\/v2\/posts\/29641\/revisions"}],"predecessor-version":[{"id":29651,"href":"https:\/\/www.lejournalduforkane.com\/index.php\/wp-json\/wp\/v2\/posts\/29641\/revisions\/29651"}],"wp:featuredmedia":[{"embeddable":true,"href":"https:\/\/www.lejournalduforkane.com\/index.php\/wp-json\/wp\/v2\/media\/29644"}],"wp:attachment":[{"href":"https:\/\/www.lejournalduforkane.com\/index.php\/wp-json\/wp\/v2\/media?parent=29641"}],"wp:term":[{"taxonomy":"category","embeddable":true,"href":"https:\/\/www.lejournalduforkane.com\/index.php\/wp-json\/wp\/v2\/categories?post=29641"},{"taxonomy":"post_tag","embeddable":true,"href":"https:\/\/www.lejournalduforkane.com\/index.php\/wp-json\/wp\/v2\/tags?post=29641"}],"curies":[{"name":"wp","href":"https:\/\/api.w.org\/{rel}","templated":true}]}}