
{"id":29652,"date":"2023-08-01T17:18:00","date_gmt":"2023-08-01T17:18:00","guid":{"rendered":"https:\/\/www.lejournalduforkane.com\/?p=29652"},"modified":"2023-08-02T17:23:19","modified_gmt":"2023-08-02T17:23:19","slug":"mohamed-ag-sadresse-a-emmanuel-macron-sur-le-nigerrappelons-au-petit-emmanuel-macron","status":"publish","type":"post","link":"https:\/\/www.lejournalduforkane.com\/index.php\/mohamed-ag-sadresse-a-emmanuel-macron-sur-le-nigerrappelons-au-petit-emmanuel-macron\/","title":{"rendered":"Mohamed Ag s&rsquo;adresse \u00e0 Emmanuel Macron sur le Niger\u00a0\u00bbRappelons au petit Emmanuel Macron"},"content":{"rendered":"\n<p>Mohamed Ag s&rsquo;adresse \u00e0 Emmanuel Macron sur le Niger\u00a0\u00bbRappelons au petit Emmanuel Macron qu\u2019il comprenne enfin que le Niger n\u2019est pas la France et que l\u2019Afrique n\u2019est pas l\u2019Europe.D\u00e9gagez du Niger et du Sahel car vous \u00eates le probl\u00e8me\u00a0\u00bb<\/p>\n","protected":false},"excerpt":{"rendered":"<p>Mohamed Ag s&rsquo;adresse \u00e0 Emmanuel Macron sur le Niger\u00a0\u00bbRappelons au petit Emmanuel Macron qu\u2019il comprenne enfin que le Niger n\u2019est pas la France et que l\u2019Afrique n\u2019est pas l\u2019Europe.D\u00e9gagez du<\/p>\n","protected":false},"author":2,"featured_media":29653,"comment_status":"closed","ping_status":"open","sticky":false,"template":"","format":"standard","meta":[],"categories":[],"tags":[],"_links":{"self":[{"href":"https:\/\/www.lejournalduforkane.com\/index.php\/wp-json\/wp\/v2\/posts\/29652"}],"collection":[{"href":"https:\/\/www.lejournalduforkane.com\/index.php\/wp-json\/wp\/v2\/posts"}],"about":[{"href":"https:\/\/www.lejournalduforkane.com\/index.php\/wp-json\/wp\/v2\/types\/post"}],"author":[{"embeddable":true,"href":"https:\/\/www.lejournalduforkane.com\/index.php\/wp-json\/wp\/v2\/users\/2"}],"replies":[{"embeddable":true,"href":"https:\/\/www.lejournalduforkane.com\/index.php\/wp-json\/wp\/v2\/comments?post=29652"}],"version-history":[{"count":1,"href":"https:\/\/www.lejournalduforkane.com\/index.php\/wp-json\/wp\/v2\/posts\/29652\/revisions"}],"predecessor-version":[{"id":29654,"href":"https:\/\/www.lejournalduforkane.com\/index.php\/wp-json\/wp\/v2\/posts\/29652\/revisions\/29654"}],"wp:featuredmedia":[{"embeddable":true,"href":"https:\/\/www.lejournalduforkane.com\/index.php\/wp-json\/wp\/v2\/media\/29653"}],"wp:attachment":[{"href":"https:\/\/www.lejournalduforkane.com\/index.php\/wp-json\/wp\/v2\/media?parent=29652"}],"wp:term":[{"taxonomy":"category","embeddable":true,"href":"https:\/\/www.lejournalduforkane.com\/index.php\/wp-json\/wp\/v2\/categories?post=29652"},{"taxonomy":"post_tag","embeddable":true,"href":"https:\/\/www.lejournalduforkane.com\/index.php\/wp-json\/wp\/v2\/tags?post=29652"}],"curies":[{"name":"wp","href":"https:\/\/api.w.org\/{rel}","templated":true}]}}