
{"id":29655,"date":"2023-08-01T17:23:00","date_gmt":"2023-08-01T17:23:00","guid":{"rendered":"https:\/\/www.lejournalduforkane.com\/?p=29655"},"modified":"2023-08-12T09:08:54","modified_gmt":"2023-08-12T09:08:54","slug":"la-france-va-commencer-a-evacuer-les-citoyens-du-niger-apres-les-attaques-contre-les-ambassades","status":"publish","type":"post","link":"https:\/\/www.lejournalduforkane.com\/index.php\/la-france-va-commencer-a-evacuer-les-citoyens-du-niger-apres-les-attaques-contre-les-ambassades\/","title":{"rendered":"La France va commencer \u00e0 \u00e9vacuer les citoyens du Niger apr\u00e8s les attaques contre les ambassades"},"content":{"rendered":"<div class=\"xdj266r x11i5rnm xat24cr x1mh8g0r x1vvkbs x126k92a\">\n<div dir=\"auto\">\n<p>La France va commencer \u00e0 \u00e9vacuer les citoyens du Niger apr\u00e8s les attaques contre les ambassades<\/p>\n<p>On estime que 600 ressortissants fran\u00e7ais r\u00e9sident au Niger, ce qui ne prend pas en compte les touristes ou les r\u00e9sidents fran\u00e7ais non pr\u00e9sents actuellement dans le pays.<\/p>\n<p>Le minist\u00e8re fran\u00e7ais des Affaires \u00e9trang\u00e8res a annonc\u00e9 mardi que le processus d&rsquo;\u00e9vacuation de ses citoyens du Niger allait commencer, ce qui a \u00e9t\u00e9 d\u00e9clench\u00e9 par des attaques pr\u00e9sum\u00e9es contre l&rsquo;ambassade de France dans la capitale Niamey.<\/p>\n<p>Dans son communiqu\u00e9, le minist\u00e8re des Affaires \u00e9trang\u00e8res a d\u00e9clar\u00e9 que la fermeture de l&rsquo;espace a\u00e9rien du Niger rendait les vols commerciaux impossibles, alors qu&rsquo;il a justifi\u00e9 sa d\u00e9cision d&rsquo;\u00e9vacuation plus t\u00f4t dans la journ\u00e9e par \u00ab\u00a0une d\u00e9t\u00e9rioration de la situation s\u00e9curitaire \u00e0 Niamey\u00a0\u00bb, mais aucun d\u00e9lai n&rsquo;a \u00e9t\u00e9 donn\u00e9.<\/p>\n<p>On estime que 600 ressortissants fran\u00e7ais r\u00e9sident au Niger, ce qui ne prend pas en compte les touristes ou les r\u00e9sidents fran\u00e7ais non pr\u00e9sents actuellement dans le pays.<\/p>\n<p>De plus, le minist\u00e8re fran\u00e7ais des Affaires \u00e9trang\u00e8res a propos\u00e9 d&rsquo;\u00e9vacuer d&rsquo;autres ressortissants europ\u00e9ens tandis que le gouvernement fran\u00e7ais a tenu une r\u00e9union minist\u00e9rielle aujourd&rsquo;hui pour d\u00e9cider de la mani\u00e8re de proc\u00e9der \u00e0 l&rsquo;\u00e9vacuation.<\/p>\n<p>Selon une source proche de l&rsquo;op\u00e9ration \u00e0 l&rsquo;AFP, des avions de transport de personnel militaire seront utilis\u00e9s pour \u00e9vacuer.<\/p>\n<p>Le coup d&rsquo;\u00c9tat au Niger suit un mod\u00e8le de coups d&rsquo;\u00c9tat \u00e0 travers le continent africain comme le Burkina Faso et le Mali.<\/p>\n<p>La nouvelle junte nig\u00e9rienne a d\u00e9clar\u00e9 lundi que son ancien dirigeant colonial, la France, cherchait des moyens d&rsquo;intervenir militairement pour \u00ab\u00a0saboter la r\u00e9volution\u00a0\u00bb et r\u00e9int\u00e9grer le pr\u00e9sident d\u00e9chu Mohamed Bazoum.<\/p>\n<p>\u00ab\u00a0Dans sa recherche des voies et moyens d&rsquo;intervenir militairement au Niger, la France avec la complicit\u00e9 de certains Nig\u00e9riens, a tenu une r\u00e9union avec le chef d&rsquo;\u00e9tat-major de la Garde nationale nig\u00e9rienne pour obtenir les autorisations politiques et militaires n\u00e9cessaires\u00a0\u00bb, indique un communiqu\u00e9. t\u00e9l\u00e9vision nationale.<\/p>\n<p>Cela survient un jour apr\u00e8s que les chefs militaires nig\u00e9riens ont mis en garde contre toute intervention arm\u00e9e dans leur pays, soulignant qu&rsquo;ils \u00ab d\u00e9fendront r\u00e9solument leur patrie \u00bb.<\/p>\n<p>Plus tard dans la journ\u00e9e, la CEDEAO a donn\u00e9 un ultimatum d&rsquo;une semaine \u00e0 la junte militaire pour r\u00e9int\u00e9grer le pr\u00e9sident \u00e9lu Mohamed Bazoum, d\u00e9tenu par l&rsquo;arm\u00e9e depuis mercredi dernier.<\/p>\n<\/div>\n<\/div>\n","protected":false},"excerpt":{"rendered":"<p>La France va commencer \u00e0 \u00e9vacuer les citoyens du Niger apr\u00e8s les attaques contre les ambassades On estime que 600 ressortissants fran\u00e7ais r\u00e9sident au Niger, ce qui ne prend pas<\/p>\n","protected":false},"author":2,"featured_media":29656,"comment_status":"closed","ping_status":"open","sticky":false,"template":"","format":"standard","meta":[],"categories":[],"tags":[],"_links":{"self":[{"href":"https:\/\/www.lejournalduforkane.com\/index.php\/wp-json\/wp\/v2\/posts\/29655"}],"collection":[{"href":"https:\/\/www.lejournalduforkane.com\/index.php\/wp-json\/wp\/v2\/posts"}],"about":[{"href":"https:\/\/www.lejournalduforkane.com\/index.php\/wp-json\/wp\/v2\/types\/post"}],"author":[{"embeddable":true,"href":"https:\/\/www.lejournalduforkane.com\/index.php\/wp-json\/wp\/v2\/users\/2"}],"replies":[{"embeddable":true,"href":"https:\/\/www.lejournalduforkane.com\/index.php\/wp-json\/wp\/v2\/comments?post=29655"}],"version-history":[{"count":2,"href":"https:\/\/www.lejournalduforkane.com\/index.php\/wp-json\/wp\/v2\/posts\/29655\/revisions"}],"predecessor-version":[{"id":29665,"href":"https:\/\/www.lejournalduforkane.com\/index.php\/wp-json\/wp\/v2\/posts\/29655\/revisions\/29665"}],"wp:featuredmedia":[{"embeddable":true,"href":"https:\/\/www.lejournalduforkane.com\/index.php\/wp-json\/wp\/v2\/media\/29656"}],"wp:attachment":[{"href":"https:\/\/www.lejournalduforkane.com\/index.php\/wp-json\/wp\/v2\/media?parent=29655"}],"wp:term":[{"taxonomy":"category","embeddable":true,"href":"https:\/\/www.lejournalduforkane.com\/index.php\/wp-json\/wp\/v2\/categories?post=29655"},{"taxonomy":"post_tag","embeddable":true,"href":"https:\/\/www.lejournalduforkane.com\/index.php\/wp-json\/wp\/v2\/tags?post=29655"}],"curies":[{"name":"wp","href":"https:\/\/api.w.org\/{rel}","templated":true}]}}