
{"id":29658,"date":"2023-08-01T17:24:00","date_gmt":"2023-08-01T17:24:00","guid":{"rendered":"https:\/\/www.lejournalduforkane.com\/?p=29658"},"modified":"2023-08-02T17:26:11","modified_gmt":"2023-08-02T17:26:11","slug":"nouhaila-benzina-est-devenue-la-premiere-joueuse-a-porter-le-hijab-lors-de-la-coupe-du-monde-feminine","status":"publish","type":"post","link":"https:\/\/www.lejournalduforkane.com\/index.php\/nouhaila-benzina-est-devenue-la-premiere-joueuse-a-porter-le-hijab-lors-de-la-coupe-du-monde-feminine\/","title":{"rendered":"Nouhaila Benzina est devenue la premi\u00e8re joueuse \u00e0 porter le hijab lors de la Coupe du monde f\u00e9minine."},"content":{"rendered":"\n<figure class=\"wp-block-image size-large\"><img loading=\"lazy\" width=\"512\" height=\"640\" src=\"https:\/\/www.lejournalduforkane.com\/wp-content\/uploads\/2023\/08\/Nouhaila-Benzina-est-devenue-la-premiere-joueuse-a-porter-le-hijab-lors-de-la-Coupe-du-monde-feminine..jpg\" alt=\"\" class=\"wp-image-29659\" srcset=\"https:\/\/www.lejournalduforkane.com\/wp-content\/uploads\/2023\/08\/Nouhaila-Benzina-est-devenue-la-premiere-joueuse-a-porter-le-hijab-lors-de-la-Coupe-du-monde-feminine..jpg 512w, https:\/\/www.lejournalduforkane.com\/wp-content\/uploads\/2023\/08\/Nouhaila-Benzina-est-devenue-la-premiere-joueuse-a-porter-le-hijab-lors-de-la-Coupe-du-monde-feminine.-240x300.jpg 240w\" sizes=\"(max-width: 512px) 100vw, 512px\" \/><\/figure>\n","protected":false},"excerpt":{"rendered":"","protected":false},"author":2,"featured_media":29659,"comment_status":"closed","ping_status":"open","sticky":false,"template":"","format":"standard","meta":[],"categories":[],"tags":[],"_links":{"self":[{"href":"https:\/\/www.lejournalduforkane.com\/index.php\/wp-json\/wp\/v2\/posts\/29658"}],"collection":[{"href":"https:\/\/www.lejournalduforkane.com\/index.php\/wp-json\/wp\/v2\/posts"}],"about":[{"href":"https:\/\/www.lejournalduforkane.com\/index.php\/wp-json\/wp\/v2\/types\/post"}],"author":[{"embeddable":true,"href":"https:\/\/www.lejournalduforkane.com\/index.php\/wp-json\/wp\/v2\/users\/2"}],"replies":[{"embeddable":true,"href":"https:\/\/www.lejournalduforkane.com\/index.php\/wp-json\/wp\/v2\/comments?post=29658"}],"version-history":[{"count":1,"href":"https:\/\/www.lejournalduforkane.com\/index.php\/wp-json\/wp\/v2\/posts\/29658\/revisions"}],"predecessor-version":[{"id":29660,"href":"https:\/\/www.lejournalduforkane.com\/index.php\/wp-json\/wp\/v2\/posts\/29658\/revisions\/29660"}],"wp:featuredmedia":[{"embeddable":true,"href":"https:\/\/www.lejournalduforkane.com\/index.php\/wp-json\/wp\/v2\/media\/29659"}],"wp:attachment":[{"href":"https:\/\/www.lejournalduforkane.com\/index.php\/wp-json\/wp\/v2\/media?parent=29658"}],"wp:term":[{"taxonomy":"category","embeddable":true,"href":"https:\/\/www.lejournalduforkane.com\/index.php\/wp-json\/wp\/v2\/categories?post=29658"},{"taxonomy":"post_tag","embeddable":true,"href":"https:\/\/www.lejournalduforkane.com\/index.php\/wp-json\/wp\/v2\/tags?post=29658"}],"curies":[{"name":"wp","href":"https:\/\/api.w.org\/{rel}","templated":true}]}}