
{"id":29688,"date":"2023-10-09T10:21:00","date_gmt":"2023-10-09T10:21:00","guid":{"rendered":"https:\/\/www.lejournalduforkane.com\/?p=29688"},"modified":"2023-10-10T10:23:29","modified_gmt":"2023-10-10T10:23:29","slug":"140-enfants-ont-ete-tues-par-les-frappes-aeriennes-israeliennes-sur-la-bande-de-gaza-depuis-samedi-selon-le-ministere-de-la-sante","status":"publish","type":"post","link":"https:\/\/www.lejournalduforkane.com\/index.php\/140-enfants-ont-ete-tues-par-les-frappes-aeriennes-israeliennes-sur-la-bande-de-gaza-depuis-samedi-selon-le-ministere-de-la-sante\/","title":{"rendered":"140 enfants ont \u00e9t\u00e9 tu\u00e9s par les frappes a\u00e9riennes isra\u00e9liennes sur la bande de Gaza depuis samedi, selon le minist\u00e8re de la Sant\u00e9."},"content":{"rendered":"<p>140 enfants ont \u00e9t\u00e9 tu\u00e9s par les frappes a\u00e9riennes isra\u00e9liennes sur la bande de Gaza depuis samedi, selon le minist\u00e8re de la Sant\u00e9.<\/p>\n<p><img loading=\"lazy\" class=\"alignnone size-full wp-image-29689\" src=\"https:\/\/www.lejournalduforkane.com\/wp-content\/uploads\/2023\/10\/140-enfants-ont-ete-tues-par-les-frappes-aeriennes-israeliennes-sur-la-bande-de-Gaza-depuis-samedi-selon-le-ministere-de-la-Sante..jpg\" alt=\"\" width=\"680\" height=\"453\" srcset=\"https:\/\/www.lejournalduforkane.com\/wp-content\/uploads\/2023\/10\/140-enfants-ont-ete-tues-par-les-frappes-aeriennes-israeliennes-sur-la-bande-de-Gaza-depuis-samedi-selon-le-ministere-de-la-Sante..jpg 680w, https:\/\/www.lejournalduforkane.com\/wp-content\/uploads\/2023\/10\/140-enfants-ont-ete-tues-par-les-frappes-aeriennes-israeliennes-sur-la-bande-de-Gaza-depuis-samedi-selon-le-ministere-de-la-Sante.-300x200.jpg 300w\" sizes=\"(max-width: 680px) 100vw, 680px\" \/><\/p>\n","protected":false},"excerpt":{"rendered":"<p>140 enfants ont \u00e9t\u00e9 tu\u00e9s par les frappes a\u00e9riennes isra\u00e9liennes sur la bande de Gaza depuis samedi, selon le minist\u00e8re de la Sant\u00e9.<\/p>\n","protected":false},"author":2,"featured_media":29689,"comment_status":"closed","ping_status":"open","sticky":false,"template":"","format":"standard","meta":[],"categories":[],"tags":[],"_links":{"self":[{"href":"https:\/\/www.lejournalduforkane.com\/index.php\/wp-json\/wp\/v2\/posts\/29688"}],"collection":[{"href":"https:\/\/www.lejournalduforkane.com\/index.php\/wp-json\/wp\/v2\/posts"}],"about":[{"href":"https:\/\/www.lejournalduforkane.com\/index.php\/wp-json\/wp\/v2\/types\/post"}],"author":[{"embeddable":true,"href":"https:\/\/www.lejournalduforkane.com\/index.php\/wp-json\/wp\/v2\/users\/2"}],"replies":[{"embeddable":true,"href":"https:\/\/www.lejournalduforkane.com\/index.php\/wp-json\/wp\/v2\/comments?post=29688"}],"version-history":[{"count":1,"href":"https:\/\/www.lejournalduforkane.com\/index.php\/wp-json\/wp\/v2\/posts\/29688\/revisions"}],"predecessor-version":[{"id":29690,"href":"https:\/\/www.lejournalduforkane.com\/index.php\/wp-json\/wp\/v2\/posts\/29688\/revisions\/29690"}],"wp:featuredmedia":[{"embeddable":true,"href":"https:\/\/www.lejournalduforkane.com\/index.php\/wp-json\/wp\/v2\/media\/29689"}],"wp:attachment":[{"href":"https:\/\/www.lejournalduforkane.com\/index.php\/wp-json\/wp\/v2\/media?parent=29688"}],"wp:term":[{"taxonomy":"category","embeddable":true,"href":"https:\/\/www.lejournalduforkane.com\/index.php\/wp-json\/wp\/v2\/categories?post=29688"},{"taxonomy":"post_tag","embeddable":true,"href":"https:\/\/www.lejournalduforkane.com\/index.php\/wp-json\/wp\/v2\/tags?post=29688"}],"curies":[{"name":"wp","href":"https:\/\/api.w.org\/{rel}","templated":true}]}}