
{"id":29691,"date":"2023-10-09T10:23:00","date_gmt":"2023-10-09T10:23:00","guid":{"rendered":"https:\/\/www.lejournalduforkane.com\/?p=29691"},"modified":"2023-10-10T10:26:22","modified_gmt":"2023-10-10T10:26:22","slug":"ces-palestiniens-se-sont-evades-pour-la-premiere-fois-de-gaza-occupee","status":"publish","type":"post","link":"https:\/\/www.lejournalduforkane.com\/index.php\/ces-palestiniens-se-sont-evades-pour-la-premiere-fois-de-gaza-occupee\/","title":{"rendered":"Ces Palestiniens se sont \u00e9vad\u00e9s pour la premi\u00e8re fois de Gaza occup\u00e9e"},"content":{"rendered":"<div class=\"xdj266r x11i5rnm xat24cr x1mh8g0r x1vvkbs x126k92a\">\n<div dir=\"auto\">Ces Palestiniens se sont \u00e9vad\u00e9s pour la premi\u00e8re fois de Gaza occup\u00e9e \u2013 qui est consid\u00e9r\u00e9e comme la plus grande prison \u00e0 ciel ouvert du monde.<\/div>\n<\/div>\n<div class=\"x11i5rnm xat24cr x1mh8g0r x1vvkbs xtlvy1s x126k92a\">\n<div dir=\"auto\">Ils ont franchi la barri\u00e8re entre Isra\u00ebl et la bande de Gaza apr\u00e8s une attaque palestinienne le 7 octobre.<\/div>\n<\/div>\n\n\n<iframe loading=\"lazy\" src=\"https:\/\/www.facebook.com\/plugins\/video.php?height=476&#038;href=https%3A%2F%2Fwww.facebook.com%2FFatlam7500%2Fvideos%2F1744687895953245%2F&#038;show_text=false&#038;width=268&#038;t=0\" width=\"268\" height=\"476\" style=\"border:none;overflow:hidden\" scrolling=\"no\" frameborder=\"0\" allowfullscreen=\"true\" allow=\"autoplay; clipboard-write; encrypted-media; picture-in-picture; web-share\" allowFullScreen=\"true\"><\/iframe>\n","protected":false},"excerpt":{"rendered":"<p>Ces Palestiniens se sont \u00e9vad\u00e9s pour la premi\u00e8re fois de Gaza occup\u00e9e \u2013 qui est consid\u00e9r\u00e9e comme la plus grande prison \u00e0 ciel ouvert du monde. Ils ont franchi la<\/p>\n","protected":false},"author":2,"featured_media":29692,"comment_status":"closed","ping_status":"open","sticky":false,"template":"","format":"standard","meta":[],"categories":[],"tags":[],"_links":{"self":[{"href":"https:\/\/www.lejournalduforkane.com\/index.php\/wp-json\/wp\/v2\/posts\/29691"}],"collection":[{"href":"https:\/\/www.lejournalduforkane.com\/index.php\/wp-json\/wp\/v2\/posts"}],"about":[{"href":"https:\/\/www.lejournalduforkane.com\/index.php\/wp-json\/wp\/v2\/types\/post"}],"author":[{"embeddable":true,"href":"https:\/\/www.lejournalduforkane.com\/index.php\/wp-json\/wp\/v2\/users\/2"}],"replies":[{"embeddable":true,"href":"https:\/\/www.lejournalduforkane.com\/index.php\/wp-json\/wp\/v2\/comments?post=29691"}],"version-history":[{"count":1,"href":"https:\/\/www.lejournalduforkane.com\/index.php\/wp-json\/wp\/v2\/posts\/29691\/revisions"}],"predecessor-version":[{"id":29693,"href":"https:\/\/www.lejournalduforkane.com\/index.php\/wp-json\/wp\/v2\/posts\/29691\/revisions\/29693"}],"wp:featuredmedia":[{"embeddable":true,"href":"https:\/\/www.lejournalduforkane.com\/index.php\/wp-json\/wp\/v2\/media\/29692"}],"wp:attachment":[{"href":"https:\/\/www.lejournalduforkane.com\/index.php\/wp-json\/wp\/v2\/media?parent=29691"}],"wp:term":[{"taxonomy":"category","embeddable":true,"href":"https:\/\/www.lejournalduforkane.com\/index.php\/wp-json\/wp\/v2\/categories?post=29691"},{"taxonomy":"post_tag","embeddable":true,"href":"https:\/\/www.lejournalduforkane.com\/index.php\/wp-json\/wp\/v2\/tags?post=29691"}],"curies":[{"name":"wp","href":"https:\/\/api.w.org\/{rel}","templated":true}]}}