
{"id":29700,"date":"2023-10-11T17:16:31","date_gmt":"2023-10-11T17:16:31","guid":{"rendered":"https:\/\/www.lejournalduforkane.com\/?p=29700"},"modified":"2023-10-11T17:16:39","modified_gmt":"2023-10-11T17:16:39","slug":"president-de-la-tchetchenie-ramzan-kadyrov-nous-soutenons-la-palestine","status":"publish","type":"post","link":"https:\/\/www.lejournalduforkane.com\/index.php\/president-de-la-tchetchenie-ramzan-kadyrov-nous-soutenons-la-palestine\/","title":{"rendered":"Pr\u00e9sident de la Tch\u00e9tch\u00e9nie, Ramzan Kadyrov :Nous soutenons la Palestine&#8230;"},"content":{"rendered":"<p>Pr\u00e9sident de la Tch\u00e9tch\u00e9nie, Ramzan Kadyrov : \u00ab\u00a0Nous soutenons la Palestine parce qu&rsquo;Isra\u00ebl s&rsquo;est empar\u00e9 de leurs terres et les maintient isol\u00e9s. J&rsquo;appelle les dirigeants des pays islamiques \u00e0 former une alliance et \u00e0 communiquer avec ceux qu&rsquo;ils d\u00e9crivent comme des amis en Occident afin que qu\u2019ils ne bombardent pas des civils \u00e0 Gaza sous pr\u00e9texte de cibler les combattants du Hamas.\u00a0\u00bb<\/p>\n<p><img loading=\"lazy\" class=\"alignnone size-full wp-image-29701\" src=\"https:\/\/www.lejournalduforkane.com\/wp-content\/uploads\/2023\/10\/President-de-la-Tchetchenie-Ramzan-Kadyrov.jpg\" alt=\"\" width=\"680\" height=\"428\" srcset=\"https:\/\/www.lejournalduforkane.com\/wp-content\/uploads\/2023\/10\/President-de-la-Tchetchenie-Ramzan-Kadyrov.jpg 680w, https:\/\/www.lejournalduforkane.com\/wp-content\/uploads\/2023\/10\/President-de-la-Tchetchenie-Ramzan-Kadyrov-300x189.jpg 300w\" sizes=\"(max-width: 680px) 100vw, 680px\" \/><\/p>\n","protected":false},"excerpt":{"rendered":"<p>Pr\u00e9sident de la Tch\u00e9tch\u00e9nie, Ramzan Kadyrov : \u00ab\u00a0Nous soutenons la Palestine parce qu&rsquo;Isra\u00ebl s&rsquo;est empar\u00e9 de leurs terres et les maintient isol\u00e9s. J&rsquo;appelle les dirigeants des pays islamiques \u00e0 former<\/p>\n","protected":false},"author":2,"featured_media":29701,"comment_status":"closed","ping_status":"open","sticky":false,"template":"","format":"standard","meta":[],"categories":[2],"tags":[],"_links":{"self":[{"href":"https:\/\/www.lejournalduforkane.com\/index.php\/wp-json\/wp\/v2\/posts\/29700"}],"collection":[{"href":"https:\/\/www.lejournalduforkane.com\/index.php\/wp-json\/wp\/v2\/posts"}],"about":[{"href":"https:\/\/www.lejournalduforkane.com\/index.php\/wp-json\/wp\/v2\/types\/post"}],"author":[{"embeddable":true,"href":"https:\/\/www.lejournalduforkane.com\/index.php\/wp-json\/wp\/v2\/users\/2"}],"replies":[{"embeddable":true,"href":"https:\/\/www.lejournalduforkane.com\/index.php\/wp-json\/wp\/v2\/comments?post=29700"}],"version-history":[{"count":1,"href":"https:\/\/www.lejournalduforkane.com\/index.php\/wp-json\/wp\/v2\/posts\/29700\/revisions"}],"predecessor-version":[{"id":29702,"href":"https:\/\/www.lejournalduforkane.com\/index.php\/wp-json\/wp\/v2\/posts\/29700\/revisions\/29702"}],"wp:featuredmedia":[{"embeddable":true,"href":"https:\/\/www.lejournalduforkane.com\/index.php\/wp-json\/wp\/v2\/media\/29701"}],"wp:attachment":[{"href":"https:\/\/www.lejournalduforkane.com\/index.php\/wp-json\/wp\/v2\/media?parent=29700"}],"wp:term":[{"taxonomy":"category","embeddable":true,"href":"https:\/\/www.lejournalduforkane.com\/index.php\/wp-json\/wp\/v2\/categories?post=29700"},{"taxonomy":"post_tag","embeddable":true,"href":"https:\/\/www.lejournalduforkane.com\/index.php\/wp-json\/wp\/v2\/tags?post=29700"}],"curies":[{"name":"wp","href":"https:\/\/api.w.org\/{rel}","templated":true}]}}