
{"id":29706,"date":"2023-10-10T17:20:00","date_gmt":"2023-10-10T17:20:00","guid":{"rendered":"https:\/\/www.lejournalduforkane.com\/?p=29706"},"modified":"2023-10-11T17:23:12","modified_gmt":"2023-10-11T17:23:12","slug":"les-femmes-soldats-israeliennes-capturees-mais-en-securite","status":"publish","type":"post","link":"https:\/\/www.lejournalduforkane.com\/index.php\/les-femmes-soldats-israeliennes-capturees-mais-en-securite\/","title":{"rendered":"Les femmes soldats isra\u00e9liennes captur\u00e9es mais en s\u00e9curit\u00e9"},"content":{"rendered":"<div class=\"xdj266r x11i5rnm xat24cr x1mh8g0r x1vvkbs x126k92a\">\n<div dir=\"auto\">\u00ab Les femmes soldats isra\u00e9liennes captur\u00e9es par les combattants de la r\u00e9sistance palestinienne ont \u00e9t\u00e9 film\u00e9es en toute s\u00e9curit\u00e9 et personne ne leur a fait de mal ni ne les a touch\u00e9es. \u00bb<\/div>\n<\/div>\n<div class=\"x11i5rnm xat24cr x1mh8g0r x1vvkbs xtlvy1s x126k92a\">\n<div dir=\"auto\">Elles ont m\u00eame leurs t\u00e9l\u00e9phones&#8230;<\/div>\n<\/div>\n\n\n<iframe loading=\"lazy\" src=\"https:\/\/www.facebook.com\/plugins\/video.php?height=476&#038;href=https%3A%2F%2Fwww.facebook.com%2FFatlam7500%2Fvideos%2F1776172886177886%2F&#038;show_text=false&#038;width=273&#038;t=0\" width=\"273\" height=\"476\" style=\"border:none;overflow:hidden\" scrolling=\"no\" frameborder=\"0\" allowfullscreen=\"true\" allow=\"autoplay; clipboard-write; encrypted-media; picture-in-picture; web-share\" allowFullScreen=\"true\"><\/iframe>\n","protected":false},"excerpt":{"rendered":"<p>\u00ab Les femmes soldats isra\u00e9liennes captur\u00e9es par les combattants de la r\u00e9sistance palestinienne ont \u00e9t\u00e9 film\u00e9es en toute s\u00e9curit\u00e9 et personne ne leur a fait de mal ni ne les<\/p>\n","protected":false},"author":2,"featured_media":29707,"comment_status":"closed","ping_status":"open","sticky":false,"template":"","format":"standard","meta":[],"categories":[],"tags":[],"_links":{"self":[{"href":"https:\/\/www.lejournalduforkane.com\/index.php\/wp-json\/wp\/v2\/posts\/29706"}],"collection":[{"href":"https:\/\/www.lejournalduforkane.com\/index.php\/wp-json\/wp\/v2\/posts"}],"about":[{"href":"https:\/\/www.lejournalduforkane.com\/index.php\/wp-json\/wp\/v2\/types\/post"}],"author":[{"embeddable":true,"href":"https:\/\/www.lejournalduforkane.com\/index.php\/wp-json\/wp\/v2\/users\/2"}],"replies":[{"embeddable":true,"href":"https:\/\/www.lejournalduforkane.com\/index.php\/wp-json\/wp\/v2\/comments?post=29706"}],"version-history":[{"count":1,"href":"https:\/\/www.lejournalduforkane.com\/index.php\/wp-json\/wp\/v2\/posts\/29706\/revisions"}],"predecessor-version":[{"id":29708,"href":"https:\/\/www.lejournalduforkane.com\/index.php\/wp-json\/wp\/v2\/posts\/29706\/revisions\/29708"}],"wp:featuredmedia":[{"embeddable":true,"href":"https:\/\/www.lejournalduforkane.com\/index.php\/wp-json\/wp\/v2\/media\/29707"}],"wp:attachment":[{"href":"https:\/\/www.lejournalduforkane.com\/index.php\/wp-json\/wp\/v2\/media?parent=29706"}],"wp:term":[{"taxonomy":"category","embeddable":true,"href":"https:\/\/www.lejournalduforkane.com\/index.php\/wp-json\/wp\/v2\/categories?post=29706"},{"taxonomy":"post_tag","embeddable":true,"href":"https:\/\/www.lejournalduforkane.com\/index.php\/wp-json\/wp\/v2\/tags?post=29706"}],"curies":[{"name":"wp","href":"https:\/\/api.w.org\/{rel}","templated":true}]}}