
{"id":29709,"date":"2023-10-10T17:23:00","date_gmt":"2023-10-10T17:23:00","guid":{"rendered":"https:\/\/www.lejournalduforkane.com\/?p=29709"},"modified":"2023-10-11T17:24:40","modified_gmt":"2023-10-11T17:24:40","slug":"les-autorites-egyptiennes-ont-ferme-indefiniment-la-frontiere-terrestre-de-rafah-entre-gaza-et-legypte","status":"publish","type":"post","link":"https:\/\/www.lejournalduforkane.com\/index.php\/les-autorites-egyptiennes-ont-ferme-indefiniment-la-frontiere-terrestre-de-rafah-entre-gaza-et-legypte\/","title":{"rendered":"Les autorit\u00e9s \u00e9gyptiennes ont ferm\u00e9 ind\u00e9finiment la fronti\u00e8re terrestre de Rafah entre Gaza et l&rsquo;\u00c9gypte"},"content":{"rendered":"<div class=\"xdj266r x11i5rnm xat24cr x1mh8g0r x1vvkbs x126k92a\">\n<div dir=\"auto\">Les autorit\u00e9s \u00e9gyptiennes ont ferm\u00e9 ind\u00e9finiment la fronti\u00e8re terrestre de Rafah entre Gaza et l&rsquo;\u00c9gypte et ont \u00e9galement demand\u00e9 aux voyageurs palestiniens inscrits sur les listes de passagers de retourner \u00e0 Gaza, apr\u00e8s la deuxi\u00e8me attaque isra\u00e9lienne perp\u00e9tr\u00e9e aujourd&rsquo;hui \u00e0 la fronti\u00e8re, d\u00e9truisant l&rsquo;entr\u00e9e du passage.<\/div>\n<div dir=\"auto\"><\/div>\n<\/div>\n<div class=\"x11i5rnm xat24cr x1mh8g0r x1vvkbs xtlvy1s x126k92a\">\n<div dir=\"auto\">Les m\u00eames sources ont \u00e9galement indiqu\u00e9 que les autorit\u00e9s \u00e9gyptiennes ont inform\u00e9 leurs autorit\u00e9s de Gaza de la n\u00e9cessit\u00e9 d&rsquo;\u00e9vacuer imm\u00e9diatement le terminal de Rafah du c\u00f4t\u00e9 palestinien en raison des menaces de mort contre les travailleurs du terminal.<\/div>\n<\/div>\n","protected":false},"excerpt":{"rendered":"<p>Les autorit\u00e9s \u00e9gyptiennes ont ferm\u00e9 ind\u00e9finiment la fronti\u00e8re terrestre de Rafah entre Gaza et l&rsquo;\u00c9gypte et ont \u00e9galement demand\u00e9 aux voyageurs palestiniens inscrits sur les listes de passagers de retourner<\/p>\n","protected":false},"author":2,"featured_media":26644,"comment_status":"closed","ping_status":"open","sticky":false,"template":"","format":"standard","meta":[],"categories":[],"tags":[],"_links":{"self":[{"href":"https:\/\/www.lejournalduforkane.com\/index.php\/wp-json\/wp\/v2\/posts\/29709"}],"collection":[{"href":"https:\/\/www.lejournalduforkane.com\/index.php\/wp-json\/wp\/v2\/posts"}],"about":[{"href":"https:\/\/www.lejournalduforkane.com\/index.php\/wp-json\/wp\/v2\/types\/post"}],"author":[{"embeddable":true,"href":"https:\/\/www.lejournalduforkane.com\/index.php\/wp-json\/wp\/v2\/users\/2"}],"replies":[{"embeddable":true,"href":"https:\/\/www.lejournalduforkane.com\/index.php\/wp-json\/wp\/v2\/comments?post=29709"}],"version-history":[{"count":1,"href":"https:\/\/www.lejournalduforkane.com\/index.php\/wp-json\/wp\/v2\/posts\/29709\/revisions"}],"predecessor-version":[{"id":29710,"href":"https:\/\/www.lejournalduforkane.com\/index.php\/wp-json\/wp\/v2\/posts\/29709\/revisions\/29710"}],"wp:featuredmedia":[{"embeddable":true,"href":"https:\/\/www.lejournalduforkane.com\/index.php\/wp-json\/wp\/v2\/media\/26644"}],"wp:attachment":[{"href":"https:\/\/www.lejournalduforkane.com\/index.php\/wp-json\/wp\/v2\/media?parent=29709"}],"wp:term":[{"taxonomy":"category","embeddable":true,"href":"https:\/\/www.lejournalduforkane.com\/index.php\/wp-json\/wp\/v2\/categories?post=29709"},{"taxonomy":"post_tag","embeddable":true,"href":"https:\/\/www.lejournalduforkane.com\/index.php\/wp-json\/wp\/v2\/tags?post=29709"}],"curies":[{"name":"wp","href":"https:\/\/api.w.org\/{rel}","templated":true}]}}