
{"id":29711,"date":"2023-10-10T17:24:00","date_gmt":"2023-10-10T17:24:00","guid":{"rendered":"https:\/\/www.lejournalduforkane.com\/?p=29711"},"modified":"2023-10-11T17:26:07","modified_gmt":"2023-10-11T17:26:07","slug":"le-hamas-donne-plusieurs-heures-de-delai-aux-occupants-pour-fuir","status":"publish","type":"post","link":"https:\/\/www.lejournalduforkane.com\/index.php\/le-hamas-donne-plusieurs-heures-de-delai-aux-occupants-pour-fuir\/","title":{"rendered":"Le Hamas donne plusieurs heures de d\u00e9lai aux occupants pour fuir!"},"content":{"rendered":"<div class=\"xdj266r x11i5rnm xat24cr x1mh8g0r x1vvkbs x126k92a\">\n<div dir=\"auto\">porte-parole des Brigades Al-Qassam, Abu Obeida :<\/div>\n<\/div>\n<div class=\"x11i5rnm xat24cr x1mh8g0r x1vvkbs xtlvy1s x126k92a\">\n<div dir=\"auto\">\u00ab Nous donnons aux habitants de la ville occup\u00e9e d&rsquo;Ashkelon un d\u00e9lai pour la quitter avant 17 heures ce soir. \u00bb<\/div>\n<\/div>\n<div class=\"x11i5rnm xat24cr x1mh8g0r x1vvkbs xtlvy1s x126k92a\">\n<div dir=\"auto\">Isra\u00ebl n&rsquo;avertit pas les populations civiles avant de raser des immeubles r\u00e9sidentiels, ou alors \u00e0 peine quelques secondes avant.<\/div>\n<\/div>\n<div class=\"x11i5rnm xat24cr x1mh8g0r x1vvkbs xtlvy1s x126k92a\">\n<div dir=\"auto\">Le Hamas donne plusieurs heures de d\u00e9lai aux occupants pour fuir.<\/div>\n<\/div>\n<div class=\"x11i5rnm xat24cr x1mh8g0r x1vvkbs xtlvy1s x126k92a\">\n<div dir=\"auto\">Qui sont les terroristes ?<\/div>\n<\/div>\n","protected":false},"excerpt":{"rendered":"<p>porte-parole des Brigades Al-Qassam, Abu Obeida : \u00ab Nous donnons aux habitants de la ville occup\u00e9e d&rsquo;Ashkelon un d\u00e9lai pour la quitter avant 17 heures ce soir. \u00bb Isra\u00ebl n&rsquo;avertit<\/p>\n","protected":false},"author":2,"featured_media":26644,"comment_status":"closed","ping_status":"open","sticky":false,"template":"","format":"standard","meta":[],"categories":[],"tags":[],"_links":{"self":[{"href":"https:\/\/www.lejournalduforkane.com\/index.php\/wp-json\/wp\/v2\/posts\/29711"}],"collection":[{"href":"https:\/\/www.lejournalduforkane.com\/index.php\/wp-json\/wp\/v2\/posts"}],"about":[{"href":"https:\/\/www.lejournalduforkane.com\/index.php\/wp-json\/wp\/v2\/types\/post"}],"author":[{"embeddable":true,"href":"https:\/\/www.lejournalduforkane.com\/index.php\/wp-json\/wp\/v2\/users\/2"}],"replies":[{"embeddable":true,"href":"https:\/\/www.lejournalduforkane.com\/index.php\/wp-json\/wp\/v2\/comments?post=29711"}],"version-history":[{"count":1,"href":"https:\/\/www.lejournalduforkane.com\/index.php\/wp-json\/wp\/v2\/posts\/29711\/revisions"}],"predecessor-version":[{"id":29712,"href":"https:\/\/www.lejournalduforkane.com\/index.php\/wp-json\/wp\/v2\/posts\/29711\/revisions\/29712"}],"wp:featuredmedia":[{"embeddable":true,"href":"https:\/\/www.lejournalduforkane.com\/index.php\/wp-json\/wp\/v2\/media\/26644"}],"wp:attachment":[{"href":"https:\/\/www.lejournalduforkane.com\/index.php\/wp-json\/wp\/v2\/media?parent=29711"}],"wp:term":[{"taxonomy":"category","embeddable":true,"href":"https:\/\/www.lejournalduforkane.com\/index.php\/wp-json\/wp\/v2\/categories?post=29711"},{"taxonomy":"post_tag","embeddable":true,"href":"https:\/\/www.lejournalduforkane.com\/index.php\/wp-json\/wp\/v2\/tags?post=29711"}],"curies":[{"name":"wp","href":"https:\/\/api.w.org\/{rel}","templated":true}]}}