
{"id":29722,"date":"2023-10-15T17:31:00","date_gmt":"2023-10-15T17:31:00","guid":{"rendered":"https:\/\/www.lejournalduforkane.com\/?p=29722"},"modified":"2023-10-18T17:32:22","modified_gmt":"2023-10-18T17:32:22","slug":"israel-frappe-a-nouveau-le-couloir-humanitaire-de-gaza","status":"publish","type":"post","link":"https:\/\/www.lejournalduforkane.com\/index.php\/israel-frappe-a-nouveau-le-couloir-humanitaire-de-gaza\/","title":{"rendered":"Isra\u00ebl frappe \u00e0 nouveau le couloir humanitaire de Gaza"},"content":{"rendered":"<div class=\"xdj266r x11i5rnm xat24cr x1mh8g0r x1vvkbs x126k92a\">\n<div dir=\"auto\">Isra\u00ebl frappe \u00e0 nouveau le couloir humanitaire de Gaza<\/div>\n<\/div>\n<div class=\"x11i5rnm xat24cr x1mh8g0r x1vvkbs xtlvy1s x126k92a\">\n<div dir=\"auto\">Pour la deuxi\u00e8me journ\u00e9e cons\u00e9cutive, Isra\u00ebl a affirm\u00e9 que les Palestiniens pouvaient emprunter un couloir humanitaire pour fuir vers le sud, mais l&rsquo;aviation de l&rsquo;occupation les a \u00e0 nouveau frapp\u00e9s, tuant de nombreux civils.<\/div>\n<\/div>\n\n\n<iframe loading=\"lazy\" src=\"https:\/\/www.facebook.com\/plugins\/video.php?height=476&#038;href=https%3A%2F%2Fwww.facebook.com%2FFatlam7500%2Fvideos%2F823153762880665%2F&#038;show_text=false&#038;width=268&#038;t=0\" width=\"268\" height=\"476\" style=\"border:none;overflow:hidden\" scrolling=\"no\" frameborder=\"0\" allowfullscreen=\"true\" allow=\"autoplay; clipboard-write; encrypted-media; picture-in-picture; web-share\" allowFullScreen=\"true\"><\/iframe>\n","protected":false},"excerpt":{"rendered":"<p>Isra\u00ebl frappe \u00e0 nouveau le couloir humanitaire de Gaza Pour la deuxi\u00e8me journ\u00e9e cons\u00e9cutive, Isra\u00ebl a affirm\u00e9 que les Palestiniens pouvaient emprunter un couloir humanitaire pour fuir vers le sud,<\/p>\n","protected":false},"author":2,"featured_media":29723,"comment_status":"closed","ping_status":"open","sticky":false,"template":"","format":"standard","meta":[],"categories":[],"tags":[],"_links":{"self":[{"href":"https:\/\/www.lejournalduforkane.com\/index.php\/wp-json\/wp\/v2\/posts\/29722"}],"collection":[{"href":"https:\/\/www.lejournalduforkane.com\/index.php\/wp-json\/wp\/v2\/posts"}],"about":[{"href":"https:\/\/www.lejournalduforkane.com\/index.php\/wp-json\/wp\/v2\/types\/post"}],"author":[{"embeddable":true,"href":"https:\/\/www.lejournalduforkane.com\/index.php\/wp-json\/wp\/v2\/users\/2"}],"replies":[{"embeddable":true,"href":"https:\/\/www.lejournalduforkane.com\/index.php\/wp-json\/wp\/v2\/comments?post=29722"}],"version-history":[{"count":1,"href":"https:\/\/www.lejournalduforkane.com\/index.php\/wp-json\/wp\/v2\/posts\/29722\/revisions"}],"predecessor-version":[{"id":29724,"href":"https:\/\/www.lejournalduforkane.com\/index.php\/wp-json\/wp\/v2\/posts\/29722\/revisions\/29724"}],"wp:featuredmedia":[{"embeddable":true,"href":"https:\/\/www.lejournalduforkane.com\/index.php\/wp-json\/wp\/v2\/media\/29723"}],"wp:attachment":[{"href":"https:\/\/www.lejournalduforkane.com\/index.php\/wp-json\/wp\/v2\/media?parent=29722"}],"wp:term":[{"taxonomy":"category","embeddable":true,"href":"https:\/\/www.lejournalduforkane.com\/index.php\/wp-json\/wp\/v2\/categories?post=29722"},{"taxonomy":"post_tag","embeddable":true,"href":"https:\/\/www.lejournalduforkane.com\/index.php\/wp-json\/wp\/v2\/tags?post=29722"}],"curies":[{"name":"wp","href":"https:\/\/api.w.org\/{rel}","templated":true}]}}