
{"id":29725,"date":"2023-10-15T17:34:00","date_gmt":"2023-10-15T17:34:00","guid":{"rendered":"https:\/\/www.lejournalduforkane.com\/?p=29725"},"modified":"2023-10-18T17:37:31","modified_gmt":"2023-10-18T17:37:31","slug":"le-ministre-des-affaires-etrangeres-iranien-est-arrive-au-qatar-pour-rencontrer-ismail-haniyeh-chef-du-bureau-politique-du-hamas","status":"publish","type":"post","link":"https:\/\/www.lejournalduforkane.com\/index.php\/le-ministre-des-affaires-etrangeres-iranien-est-arrive-au-qatar-pour-rencontrer-ismail-haniyeh-chef-du-bureau-politique-du-hamas\/","title":{"rendered":"Le ministre des affaires \u00e9trang\u00e8res iranien est arriv\u00e9 au Qatar pour rencontrer Isma\u00efl Haniyeh, chef du Bureau politique du Hamas."},"content":{"rendered":"\n\n<div class=\"xdj266r x11i5rnm xat24cr x1mh8g0r x1vvkbs x126k92a\">\n<div dir=\"auto\">Le ministre des affaires \u00e9trang\u00e8res iranien est arriv\u00e9 au Qatar pour rencontrer Isma\u00efl Haniyeh, chef du Bureau politique du Hamas.<\/div>\n<\/div>\n<div class=\"x11i5rnm xat24cr x1mh8g0r x1vvkbs xtlvy1s x126k92a\">\n<div dir=\"auto\">Juste avant, il a rencontr\u00e9 le Secr\u00e9taire G\u00e9n\u00e9ral du Hezbollah Hassan Nasrallah au Liban.<\/div>\n<\/div>\n<div class=\"x11i5rnm xat24cr x1mh8g0r x1vvkbs xtlvy1s x126k92a\">\n<div dir=\"auto\">Les Etats-Unis envoient un second porte-avions en M\u00e9diterrann\u00e9e pour dissuader les autres acteurs de l&rsquo;Axe de la R\u00e9sistance d&rsquo;intervenir. Si Isra\u00ebl continue comme \u00e7a, rien ne pourra l&#8217;emp\u00eacher&#8230;<\/div>\n<\/div>\n\n\n<iframe loading=\"lazy\" src=\"https:\/\/www.facebook.com\/plugins\/video.php?height=317&#038;href=https%3A%2F%2Fwww.facebook.com%2FFatlam7500%2Fvideos%2F285271631070898%2F&#038;show_text=false&#038;width=560&#038;t=0\" width=\"560\" height=\"317\" style=\"border:none;overflow:hidden\" scrolling=\"no\" frameborder=\"0\" allowfullscreen=\"true\" allow=\"autoplay; clipboard-write; encrypted-media; picture-in-picture; web-share\" allowFullScreen=\"true\"><\/iframe>\n","protected":false},"excerpt":{"rendered":"<p>Le ministre des affaires \u00e9trang\u00e8res iranien est arriv\u00e9 au Qatar pour rencontrer Isma\u00efl Haniyeh, chef du Bureau politique du Hamas. Juste avant, il a rencontr\u00e9 le Secr\u00e9taire G\u00e9n\u00e9ral du Hezbollah<\/p>\n","protected":false},"author":2,"featured_media":29726,"comment_status":"closed","ping_status":"open","sticky":false,"template":"","format":"standard","meta":[],"categories":[],"tags":[],"_links":{"self":[{"href":"https:\/\/www.lejournalduforkane.com\/index.php\/wp-json\/wp\/v2\/posts\/29725"}],"collection":[{"href":"https:\/\/www.lejournalduforkane.com\/index.php\/wp-json\/wp\/v2\/posts"}],"about":[{"href":"https:\/\/www.lejournalduforkane.com\/index.php\/wp-json\/wp\/v2\/types\/post"}],"author":[{"embeddable":true,"href":"https:\/\/www.lejournalduforkane.com\/index.php\/wp-json\/wp\/v2\/users\/2"}],"replies":[{"embeddable":true,"href":"https:\/\/www.lejournalduforkane.com\/index.php\/wp-json\/wp\/v2\/comments?post=29725"}],"version-history":[{"count":1,"href":"https:\/\/www.lejournalduforkane.com\/index.php\/wp-json\/wp\/v2\/posts\/29725\/revisions"}],"predecessor-version":[{"id":29727,"href":"https:\/\/www.lejournalduforkane.com\/index.php\/wp-json\/wp\/v2\/posts\/29725\/revisions\/29727"}],"wp:featuredmedia":[{"embeddable":true,"href":"https:\/\/www.lejournalduforkane.com\/index.php\/wp-json\/wp\/v2\/media\/29726"}],"wp:attachment":[{"href":"https:\/\/www.lejournalduforkane.com\/index.php\/wp-json\/wp\/v2\/media?parent=29725"}],"wp:term":[{"taxonomy":"category","embeddable":true,"href":"https:\/\/www.lejournalduforkane.com\/index.php\/wp-json\/wp\/v2\/categories?post=29725"},{"taxonomy":"post_tag","embeddable":true,"href":"https:\/\/www.lejournalduforkane.com\/index.php\/wp-json\/wp\/v2\/tags?post=29725"}],"curies":[{"name":"wp","href":"https:\/\/api.w.org\/{rel}","templated":true}]}}