
{"id":29742,"date":"2024-01-03T17:59:18","date_gmt":"2024-01-03T17:59:18","guid":{"rendered":"https:\/\/www.lejournalduforkane.com\/?p=29742"},"modified":"2024-01-03T17:59:24","modified_gmt":"2024-01-03T17:59:24","slug":"gloire-au-yemen-3","status":"publish","type":"post","link":"https:\/\/www.lejournalduforkane.com\/index.php\/gloire-au-yemen-3\/","title":{"rendered":"Gloire au Y\u00e9men\u00a0! (3)"},"content":{"rendered":"<p align=\"JUSTIFY\">La question des prisonniers est sensible et int\u00e9ressante. De toutes parts, l\u2019un derri\u00e8re l\u2019autre convergent des colonnes de soldats ennemis qui se rendent en masse et sortent de partout, ne craignant gu\u00e8re pour leur int\u00e9grit\u00e9 physique et morale. Ils re\u00e7oivent les traitements humains que n\u2019ont pas les Y\u00e9m\u00e9nites aux mains des saouds.<\/p>\n<p align=\"JUSTIFY\">Ce n\u2019est que la premi\u00e8re \u00e9tape de l\u2019op\u00e9ration r\u00e9ussie \u00ab\u00a0Victoire de Dieu\u00a0\u00bb. Ce qui vient est encore plus d\u00e9sastreux pour l\u2019Arabie. On assiste \u00e0 une d\u00e9moralisation des troupes, qui les d\u00e9mobilise. D\u2019autant que Ben Salman n\u2019a que faire de ses suppl\u00e9tifs emprisonn\u00e9s. Il fait m\u00eame bombarder les prisons. Les Y\u00e9m\u00e9nites proposent une lib\u00e9ration unilat\u00e9rale de 350 prisonniers dans un premier temps. L\u2019Arabie ne veut pas d\u2019\u00e9changes de prisonniers. Elle a tout \u00e0 perdre. Les soldats qu\u2019elle lib\u00e9rerait, retourneraient au combat plus d\u00e9termin\u00e9s que jamais alors que ceux qu\u2019elle recevrait ont un moral au plus bas et pourraient retourner leurs armes contre les saoudiens.<\/p>\n<p align=\"JUSTIFY\">Ben Salman n\u2019y voit que du feu\u00a0: \u00ab\u00a0il faut que les pays isolent l\u2019Iran\u00a0!\u00a0\u00bb. En venir \u00e0 critiquer un pays tiers quand un peuple menac\u00e9 de mort \u00e0 cause du blocus impitoyable par la faim, la maladie et les bombardements, cela s\u2019appelle de l\u2019ignominie et d\u00e9sertion devant Dieu. En quoi l\u2019Iran peut aider les Y\u00e9m\u00e9nites quand les armes sont abandonn\u00e9es par la fuite de l\u2019ennemi\u00a0? C\u2019est que l\u2019Arabie, \u00e0 elle seule, ne peut frapper le Y\u00e9men et attaquer l\u2019Iran\u00a0: le Y\u00e9men est sa tombe.<\/p>\n<p align=\"CENTER\"><b>Apr\u00e8s l\u2019attaque contre les installations p\u00e9troli\u00e8res de l\u2019Arabie, dans l\u2019impuissance, on accuse l\u2019Iran en vain. L\u2019op\u00e9ration \u00ab\u00a0Victoire de Dieu\u00a0\u00bb vient \u00e9craser l\u2019orgueil saoudien d\u00e8s la premi\u00e8re \u00e9tape. Al-Mahdi donnera la r\u00e9compense \u00e0 ceux qui patientent dans la R\u00e9sistance.<\/b><\/p>\n\n\n<p><\/p>\n","protected":false},"excerpt":{"rendered":"<p>La question des prisonniers est sensible et int\u00e9ressante. De toutes parts, l\u2019un derri\u00e8re l\u2019autre convergent des colonnes de soldats ennemis qui se rendent en masse et sortent de partout, ne<\/p>\n","protected":false},"author":2,"featured_media":29743,"comment_status":"closed","ping_status":"open","sticky":false,"template":"","format":"standard","meta":[],"categories":[],"tags":[],"_links":{"self":[{"href":"https:\/\/www.lejournalduforkane.com\/index.php\/wp-json\/wp\/v2\/posts\/29742"}],"collection":[{"href":"https:\/\/www.lejournalduforkane.com\/index.php\/wp-json\/wp\/v2\/posts"}],"about":[{"href":"https:\/\/www.lejournalduforkane.com\/index.php\/wp-json\/wp\/v2\/types\/post"}],"author":[{"embeddable":true,"href":"https:\/\/www.lejournalduforkane.com\/index.php\/wp-json\/wp\/v2\/users\/2"}],"replies":[{"embeddable":true,"href":"https:\/\/www.lejournalduforkane.com\/index.php\/wp-json\/wp\/v2\/comments?post=29742"}],"version-history":[{"count":1,"href":"https:\/\/www.lejournalduforkane.com\/index.php\/wp-json\/wp\/v2\/posts\/29742\/revisions"}],"predecessor-version":[{"id":29744,"href":"https:\/\/www.lejournalduforkane.com\/index.php\/wp-json\/wp\/v2\/posts\/29742\/revisions\/29744"}],"wp:featuredmedia":[{"embeddable":true,"href":"https:\/\/www.lejournalduforkane.com\/index.php\/wp-json\/wp\/v2\/media\/29743"}],"wp:attachment":[{"href":"https:\/\/www.lejournalduforkane.com\/index.php\/wp-json\/wp\/v2\/media?parent=29742"}],"wp:term":[{"taxonomy":"category","embeddable":true,"href":"https:\/\/www.lejournalduforkane.com\/index.php\/wp-json\/wp\/v2\/categories?post=29742"},{"taxonomy":"post_tag","embeddable":true,"href":"https:\/\/www.lejournalduforkane.com\/index.php\/wp-json\/wp\/v2\/tags?post=29742"}],"curies":[{"name":"wp","href":"https:\/\/api.w.org\/{rel}","templated":true}]}}