
{"id":29747,"date":"2024-03-06T18:22:36","date_gmt":"2024-03-06T18:22:36","guid":{"rendered":"https:\/\/www.lejournalduforkane.com\/?p=29747"},"modified":"2024-03-06T18:22:41","modified_gmt":"2024-03-06T18:22:41","slug":"larabie-et-sa-politique-aveugle-2","status":"publish","type":"post","link":"https:\/\/www.lejournalduforkane.com\/index.php\/larabie-et-sa-politique-aveugle-2\/","title":{"rendered":"L\u2019Arabie et sa politique aveugle"},"content":{"rendered":"<p align=\"JUSTIFY\">Il faut faire 2 parall\u00e8les int\u00e9ressants. D\u2019un c\u00f4t\u00e9, les USA donnent l\u2019ordre verbal de d\u00e9truire le Y\u00e9men \u00e0 l\u2019Arabie qui paye de sa poche des milliards de dollars. De l\u2019autre, Isra\u00ebl ordonne sans rien verser de \u00ab\u00a0tuer les arabes\u00a0\u00bb et de \u00ab\u00a0d\u00e9truire les Lieux saints\u00a0\u00bb aux puissances et affid\u00e9s arabes. Ainsi il peut \u00ab\u00a0juda\u00efser\u00a0\u00bb plus rapidement toute la Palestine. Un second parall\u00e8le est pertinent.<\/p>\n<p align=\"JUSTIFY\">Jusqu\u2019ici Abbas et les Arabes avaient conscience avec Al-Aqsa et J\u00e9rusalem pr\u00e9serv\u00e9s (plus pour longtemps si on en fait rien). Le leadership saoudien religieux en Islam vient des Lieux saints (La Mecque et M\u00e9dine). Perdre ces 2 privil\u00e8ges et s\u2019en est fini de son aura. L\u2019Arabie ne veut pas savoir ce qui l\u2019attend. Elle fait la politique de l\u2019autruche.<\/p>\n<p align=\"CENTER\"><b>Al-Mahdi a plus de l\u00e9gitimit\u00e9 sur les Lieux saints que les Saouds et il les lib\u00e9rera.<\/b><\/p>\n","protected":false},"excerpt":{"rendered":"<p>Il faut faire 2 parall\u00e8les int\u00e9ressants. D\u2019un c\u00f4t\u00e9, les USA donnent l\u2019ordre verbal de d\u00e9truire le Y\u00e9men \u00e0 l\u2019Arabie qui paye de sa poche des milliards de dollars. De l\u2019autre,<\/p>\n","protected":false},"author":2,"featured_media":29748,"comment_status":"closed","ping_status":"open","sticky":false,"template":"","format":"standard","meta":[],"categories":[],"tags":[],"_links":{"self":[{"href":"https:\/\/www.lejournalduforkane.com\/index.php\/wp-json\/wp\/v2\/posts\/29747"}],"collection":[{"href":"https:\/\/www.lejournalduforkane.com\/index.php\/wp-json\/wp\/v2\/posts"}],"about":[{"href":"https:\/\/www.lejournalduforkane.com\/index.php\/wp-json\/wp\/v2\/types\/post"}],"author":[{"embeddable":true,"href":"https:\/\/www.lejournalduforkane.com\/index.php\/wp-json\/wp\/v2\/users\/2"}],"replies":[{"embeddable":true,"href":"https:\/\/www.lejournalduforkane.com\/index.php\/wp-json\/wp\/v2\/comments?post=29747"}],"version-history":[{"count":1,"href":"https:\/\/www.lejournalduforkane.com\/index.php\/wp-json\/wp\/v2\/posts\/29747\/revisions"}],"predecessor-version":[{"id":29749,"href":"https:\/\/www.lejournalduforkane.com\/index.php\/wp-json\/wp\/v2\/posts\/29747\/revisions\/29749"}],"wp:featuredmedia":[{"embeddable":true,"href":"https:\/\/www.lejournalduforkane.com\/index.php\/wp-json\/wp\/v2\/media\/29748"}],"wp:attachment":[{"href":"https:\/\/www.lejournalduforkane.com\/index.php\/wp-json\/wp\/v2\/media?parent=29747"}],"wp:term":[{"taxonomy":"category","embeddable":true,"href":"https:\/\/www.lejournalduforkane.com\/index.php\/wp-json\/wp\/v2\/categories?post=29747"},{"taxonomy":"post_tag","embeddable":true,"href":"https:\/\/www.lejournalduforkane.com\/index.php\/wp-json\/wp\/v2\/tags?post=29747"}],"curies":[{"name":"wp","href":"https:\/\/api.w.org\/{rel}","templated":true}]}}