
{"id":3579,"date":"2017-07-16T13:17:23","date_gmt":"2017-07-16T13:17:23","guid":{"rendered":"https:\/\/www.lejournalduforkane.com\/?p=3579"},"modified":"2017-07-16T13:18:58","modified_gmt":"2017-07-16T13:18:58","slug":"fleau-salafiste-04","status":"publish","type":"post","link":"https:\/\/www.lejournalduforkane.com\/index.php\/fleau-salafiste-04\/","title":{"rendered":"Le fl\u00e9au salafiste (04)"},"content":{"rendered":"<div>\n<p style=\"text-align: justify;\">Les salafistes sont \u00e0 la solde de l&rsquo;Occident et d\u2019Isra\u00ebl. C\u2019est pourquoi partout o\u00f9 ils se trouvent, ils sont prot\u00e9g\u00e9s par les services secrets au nom de la raison d\u2019\u00c9tat.<!--more-->Les \u00ab\u00a0ma\u00eetres\u00a0\u00bb salafistes qui sont form\u00e9s par les services quand les salafistes<img loading=\"lazy\" class=\"size-medium wp-image-10979 alignright\" src=\"https:\/\/www.lejournalduforkane.com\/wp-content\/uploads\/2014\/07\/fl\u00e9au-salafiste-4.1-300x168.jpg\" alt=\"fl\u00e9au salafiste 4.1\" width=\"300\" height=\"168\" srcset=\"https:\/\/www.lejournalduforkane.com\/wp-content\/uploads\/2014\/07\/fl\u00e9au-salafiste-4.1-300x168.jpg 300w, https:\/\/www.lejournalduforkane.com\/wp-content\/uploads\/2014\/07\/fl\u00e9au-salafiste-4.1.jpg 530w\" sizes=\"(max-width: 300px) 100vw, 300px\" \/> sont d\u2019origine arabo-musulmane. Mais la plupart du temps, ceux qui font la doctrine sont eux m\u00eame des sionistes. Les salafistes sont comme les \u00e9vang\u00e9listes US. C\u2019est la forme de la religion qui importe. Avez-vous vu un salafiste wahabite ou un \u00e9vang\u00e9liste protestant, donner de grads mystiques\u00a0? La richesse, l\u2019or, l\u2019argent sont le signe qu\u2019il y a un paradis pour eux. \u00catre riche, c\u2019est \u00eatre b\u00e9ni. La pauvret\u00e9 est une mal\u00e9diction m\u00eame si J\u00e9sus \u00e9tait pauvre. Le pauvre n\u2019a pas sa place au banquet de Dieu. On peut faire tous les crimes, tous les p\u00e9ch\u00e9s (comme font les sionistes), cela n\u2019est pas un probl\u00e8me devant Dieu car tout est question de conscience. La croyance suffit, la foi qui implique la pratique est secondaire.<\/p>\n<p style=\"text-align: justify;\">Les ma\u00eetres des salafistes enseignent que la Palestine appartient aux isra\u00e9liens et que les Musulmans n\u2019ont rien \u00e0 y faire\u00a0: ils doivent s\u2019en aller. Isra\u00ebl est une fitna (source de mal) mais on n\u2019y peut rien. Dieu a mis les sionistes en Terre sainte et c\u2019est \u00e0 Lui de l\u2019en d\u00e9barrasser. L\u2019argument est le suivant\u00a0: le grand Proph\u00e8te (P) a fui \u00e0 la M\u00e9dine pour \u00e9chapper aux gens polyth\u00e9istes de la Mecque. Le probl\u00e8me qu\u2019Albani et les siens salafistes veulent ignorer, c\u2018est que le grand Proph\u00e8te (P) n\u2019a jamais d\u00e9sesp\u00e9r\u00e9 de retourner dans sa terre natale, la Mecque. Et \u00e0 force de lutter, il a fini par retrouver sa terre natale en soumettant les Mecquois. Les salafistes sont des l\u00e2ches qui se prosternent devant la force. Partout, ils sont associ\u00e9s aux ennemis de l&rsquo;Islam dans les massacres inflig\u00e9s aux Musulmans.<\/p>\n<p style=\"text-align: justify;\">Abraham est le p\u00e8re des Musulmans, il n\u2019est ni chr\u00e9tien, ni juif. Pourtant les ma\u00eetres sionistes du salafisme enseignent qu\u2019Abraham a eu tort de demander pardon \u00e0 Dieu pour son p\u00e8re. Alors que, comme dit le Coran, une fois que le p\u00e8re d\u2019Abraham s\u2019est montr\u00e9 ennemi de Dieu, Abraham l\u2019a d\u00e9savou\u00e9. Il avait tout simplement une tendance <img loading=\"lazy\" class=\"size-medium wp-image-16207 alignleft\" src=\"https:\/\/www.lejournalduforkane.com\/wp-content\/uploads\/2017\/05\/le-fl\u00e9au-salafiste-4-300x155.jpg\" alt=\"le fl\u00e9au salafiste 4\" width=\"300\" height=\"155\" srcset=\"https:\/\/www.lejournalduforkane.com\/wp-content\/uploads\/2017\/05\/le-fl\u00e9au-salafiste-4-300x155.jpg 300w, https:\/\/www.lejournalduforkane.com\/wp-content\/uploads\/2017\/05\/le-fl\u00e9au-salafiste-4.jpg 386w\" sizes=\"(max-width: 300px) 100vw, 300px\" \/>optimiste et un temp\u00e9rament doux. Il veut toujours convertir autrui pour suspendre le ch\u00e2timent. Quand les anges sont venus pour d\u00e9truire le peuple de Loth, Abraham a essay\u00e9 de les retenir le plus possible\u00a0: il se peut qu\u2019il y ait des croyants. Les anges r\u00e9pondent qu\u2019il y a seulement Loth et les croyants en lui. En discr\u00e9ditant Abraham, les sionistes le veulent comme un proph\u00e8te exclusif.<\/p>\n<p style=\"text-align: justify;\">\n<\/div>\n<p style=\"text-align: justify;\"><strong>AL-Mahdi est occult\u00e9 par les sionistes pour le d\u00e9sespoir des hommes. Mais Al-Mahdi viendra par l\u00e0 o\u00f9 ils ne s\u2019attendent pas afin de restaurer la dignit\u00e9 des proph\u00e8tes et lib\u00e9rer la Palestine comme Omar Ibn Al-Khattab, Salaheddine Al-Ayoubi, les Ottomans et \u00e0 la fin des temps, Al-Mahdi.<\/strong><\/p>\n","protected":false},"excerpt":{"rendered":"<p>Les salafistes sont \u00e0 la solde de l&rsquo;Occident et d\u2019Isra\u00ebl. C\u2019est pourquoi partout o\u00f9 ils se trouvent, ils sont prot\u00e9g\u00e9s par les services secrets au nom de la raison d\u2019\u00c9tat.<\/p>\n","protected":false},"author":2,"featured_media":16207,"comment_status":"open","ping_status":"closed","sticky":false,"template":"","format":"standard","meta":[],"categories":[],"tags":[],"_links":{"self":[{"href":"https:\/\/www.lejournalduforkane.com\/index.php\/wp-json\/wp\/v2\/posts\/3579"}],"collection":[{"href":"https:\/\/www.lejournalduforkane.com\/index.php\/wp-json\/wp\/v2\/posts"}],"about":[{"href":"https:\/\/www.lejournalduforkane.com\/index.php\/wp-json\/wp\/v2\/types\/post"}],"author":[{"embeddable":true,"href":"https:\/\/www.lejournalduforkane.com\/index.php\/wp-json\/wp\/v2\/users\/2"}],"replies":[{"embeddable":true,"href":"https:\/\/www.lejournalduforkane.com\/index.php\/wp-json\/wp\/v2\/comments?post=3579"}],"version-history":[{"count":7,"href":"https:\/\/www.lejournalduforkane.com\/index.php\/wp-json\/wp\/v2\/posts\/3579\/revisions"}],"predecessor-version":[{"id":16208,"href":"https:\/\/www.lejournalduforkane.com\/index.php\/wp-json\/wp\/v2\/posts\/3579\/revisions\/16208"}],"wp:featuredmedia":[{"embeddable":true,"href":"https:\/\/www.lejournalduforkane.com\/index.php\/wp-json\/wp\/v2\/media\/16207"}],"wp:attachment":[{"href":"https:\/\/www.lejournalduforkane.com\/index.php\/wp-json\/wp\/v2\/media?parent=3579"}],"wp:term":[{"taxonomy":"category","embeddable":true,"href":"https:\/\/www.lejournalduforkane.com\/index.php\/wp-json\/wp\/v2\/categories?post=3579"},{"taxonomy":"post_tag","embeddable":true,"href":"https:\/\/www.lejournalduforkane.com\/index.php\/wp-json\/wp\/v2\/tags?post=3579"}],"curies":[{"name":"wp","href":"https:\/\/api.w.org\/{rel}","templated":true}]}}