
{"id":365,"date":"2015-02-01T02:46:47","date_gmt":"2015-02-01T02:46:47","guid":{"rendered":"http:\/\/190.120.228.92\/neptune\/?p=365"},"modified":"2016-11-06T19:52:21","modified_gmt":"2016-11-06T19:52:21","slug":"le-complot-contre-la-syrie-3","status":"publish","type":"post","link":"https:\/\/www.lejournalduforkane.com\/index.php\/le-complot-contre-la-syrie-3\/","title":{"rendered":"3. La Syrie : La R\u00e9action de Bachar El Assad : Ouverture face aux revendications justes et fermet\u00e9 face aux terroristes"},"content":{"rendered":"<p style=\"text-align: justify;\"><!--more-->Aujourd\u2019hui la Syrie est cern\u00e9e au nord par la Turquie, au sud par Isra\u00ebl et \u00e0 l\u2019ouest par les Am\u00e9ricains. C\u2019est l\u2019ennemi le plus acharn\u00e9, le sioniste, le plus vil des hommes qui est la cause de sa perte. Son nom, hantes sa lecture de la Bible. Dans son programme politique, la Syrie est depuis longtemps dans la ligne de mire. Comme pour la Libye de Kadhafi, c\u2019est la France et l\u2019Am\u00e9rique qui travaillent pour la mise en \u0153uvre du grand Isra\u00ebl. Ils essaient par tous les moyens avec l\u2019aide de Camer<a href=\"http:\/\/158.255.2.50\/wp-content\/uploads\/2012\/02\/turquie-syrie-liban-isra-l-boutons-illustration-drapeau.jpg\"><img loading=\"lazy\" class=\"alignleft size-thumbnail wp-image-366\" title=\"turquie-syrie-liban-isra-l-boutons-illustration-drapeau\" src=\"http:\/\/158.255.2.50\/wp-content\/uploads\/2012\/02\/turquie-syrie-liban-isra-l-boutons-illustration-drapeau-150x150.jpg\" alt=\"\" width=\"150\" height=\"150\" \/><\/a>on et Berlusconi \u00e0 faire voter au Conseil de s\u00e9curit\u00e9, une r\u00e9solution condamnant le r\u00e9gime syrien. C\u2019est l\u2019\u00e9chec, \u00e0 chaque fois la Russie et la Chine opposent leur veto.<\/p>\n<p>Contrairement \u00e0 Kadhafi, qui est tomb\u00e9 dans le panneau, le r\u00e9gime Syrien de Bachar El Assad a r\u00e9agit avec un m\u00e9lange de fermet\u00e9 et d\u2019ouverture. Reconnaissant la l\u00e9gitimit\u00e9 de certaines revendications en terme de justice et de libert\u00e9, le gouvernement de Bachar El Assad commence \u00e0 mettre en place le processus de reforme pour aboutir \u00e0 des amendements de la Constitution ou \u00e0 une nouvelle Constitution apr\u00e8s la nomination en avril 2011 d\u2019un nouveau gouvernement. Les r\u00e9formes politiques et administratives se multiplient. D\u2019abord il y a eu l\u2019annonce forte de l\u2019abrogation de l\u2019\u00e9tat d\u2019urgence permanent. Puis, suite aux manifestations sanglante de Deraa, le gouverneur a d\u2019abord \u00e9t\u00e9 limog\u00e9 puis une commission d\u2019enqu\u00eate a \u00e9t\u00e9 mise en place, pour savoir ce qui c\u2019\u00e9tait pass\u00e9. L\u2019enqu\u00eate permettra d\u2019ailleurs de prouver les implications \u00e9trang\u00e8res dans les violences et les tueries de Deraa. Une autre commission a \u00e9t\u00e9 mise en place pour \u00e9tudier quelques amendements constitutionnels pour ouvrir la voie \u00e0 d\u2019autres partis politiques que le Baas. Des recommandations seront faites par cette commission qui invitera une centaine de personnalit\u00e9s pour discuter des m\u00e9canismes de cette r\u00e9forme. Les portes du dialogue sont ouvertes, d\u00e9j\u00e0 une r\u00e9union publique\u00a0\u00ab\u00a0d\u2019opposants\u00a0\u00bb pacifiques en faveur des r\u00e9formes c\u2019est tenue \u00e0 Damas en toute s\u00e9curit\u00e9. D\u2019un autre c\u00f4<a href=\"http:\/\/158.255.2.50\/wp-content\/uploads\/2012\/05\/complot-contre-la-syrie.jpg\"><img loading=\"lazy\" class=\"size-thumbnail wp-image-1246 alignright\" title=\"complot contre la syrie\" src=\"http:\/\/158.255.2.50\/wp-content\/uploads\/2012\/05\/complot-contre-la-syrie-150x150.jpg\" alt=\"\" width=\"150\" height=\"150\" \/><\/a>t\u00e9, pour refroidir les ardeurs de l\u2019occident et d\u2019Isra\u00ebl, l\u2019Iran a plusieurs fois affirm\u00e9 son soutien inconditionnel \u00e0 la Syrie contre toute intervention \u00e9trang\u00e8re. Le bras de fer se poursuit donc.<\/p>\n<p style=\"text-align: justify;\">Le r\u00e9gime et le peuple syrien restent soud\u00e9s, gardant l\u2019appui des institutions, notamment, l\u2019arm\u00e9e. L\u2019ennemi pensait qu\u2019il pourrait reproduire, facilement, le mod\u00e8le libyen, en Syrie. Mais l\u00e0 encore l\u2019\u00e9chec est total, sinon, comment expliquer le fait que, plus d\u2019un an et demie apr\u00e8s le d\u00e9but des troubles, et en d\u00e9pit des moyens \u00e9normes d\u00e9ploy\u00e9s, seuls quelques officiers, diplomates ou responsables corrompus et arrivistes, ont fait d\u00e9fection. Le peuple a bien compris ce changement historique et a d\u2019ailleurs affirm\u00e9 son soutien au r\u00e9gime dans plusieurs manifestations pro-gouvernementales. Les images des millions de personnes appelant \u00e0 soutenir l\u2019action du gouvernement et scandant des slogans en faveurs des r\u00e9formes propos\u00e9es ont fait le tour du monde. Mais la presse sioniste a fait pass\u00e9 ces images comme une preuve contre le r\u00e9gime de Bachar Al-Assad. Ceci confirme, que pour les sionistes pass\u00e9s ma\u00eetre dans la propagande et la d\u00e9sinformations, plus un mensonge est gros, plus il est facile \u00e0 faire accept\u00e9 \u00e0 la populace.<\/p>\n<p style=\"text-align: justify;\">Aussi pour l\u2019Am\u00e9rique, l\u2019Europe et leurs ma\u00eetres sionistes ces r\u00e9formes sont toujours insuffisantes. Alors que dans le m\u00eame temps on c\u00e9l\u00e8bre la \u00ab\u00a0sagesse\u00a0\u00bb de M6 au Maroc pour ses fausses r\u00e9formes constitutionnelles, qui ne servent qu\u2019\u00e0 tromper et \u00e0 calmer le vrai ras-le-bol du peuple marocain contre cet h\u00e9r\u00e9tique. Pourquoi cette diff\u00e9rence ? Cela parce que les r\u00e9formes que veut le parti du diable n\u2019ont rien \u00e0 voir avec la libert\u00e9 ou le pluralisme politique. Ce qu\u2019ils veulent c\u2019est la soumission, c\u2019est la logique de la force qui prime, le reste c\u2019est du vent. Les puissances veulent obliger la Syrie \u00e0 reconna\u00eetre Isra\u00ebl et \u00e0 cesser son soutien \u00e0 la r\u00e9sistance du Hezbollah et du Hamas. Surtout il faut rompre ses liens avec l\u2019Iran l\u2019obsession isra\u00e9lienne par excellence.<\/p>\n<p style=\"text-align: justify;\">La Syrie est un pays qui joue un r\u00f4le-cl\u00e9, dans des dossiers cruciaux de la r\u00e9gion, en Irak, en Palestine, au Liban, en Jordanie, et m\u00eame, en Turquie. Il ne sera pas facile de la faire tomber, m\u00eame pour les plus brillants strat\u00e8ges isra\u00e9lo-US.<\/p>\n<p align=\"center\"><strong>Il faut implorer Dieu pour la Parousie de l\u2019Imam Al-Mahdi pour sauver ces pays, il viendra avec sa grande r\u00e9volution pour ch\u00e2tier les criminels et sauver tous les autres.<\/strong><\/p>\n","protected":false},"excerpt":{"rendered":"Aujourd\u2019hui la Syrie est cern\u00e9e au nord par la Turquie, au sud par Isra\u00ebl et \u00e0 l\u2019ouest par les Am\u00e9ricains. C\u2019est l\u2019ennemi le plus acharn\u00e9, le sioniste, le plus vil","protected":false},"author":2,"featured_media":0,"comment_status":"open","ping_status":"closed","sticky":false,"template":"","format":"standard","meta":[],"categories":[],"tags":[],"_links":{"self":[{"href":"https:\/\/www.lejournalduforkane.com\/index.php\/wp-json\/wp\/v2\/posts\/365"}],"collection":[{"href":"https:\/\/www.lejournalduforkane.com\/index.php\/wp-json\/wp\/v2\/posts"}],"about":[{"href":"https:\/\/www.lejournalduforkane.com\/index.php\/wp-json\/wp\/v2\/types\/post"}],"author":[{"embeddable":true,"href":"https:\/\/www.lejournalduforkane.com\/index.php\/wp-json\/wp\/v2\/users\/2"}],"replies":[{"embeddable":true,"href":"https:\/\/www.lejournalduforkane.com\/index.php\/wp-json\/wp\/v2\/comments?post=365"}],"version-history":[{"count":2,"href":"https:\/\/www.lejournalduforkane.com\/index.php\/wp-json\/wp\/v2\/posts\/365\/revisions"}],"predecessor-version":[{"id":13720,"href":"https:\/\/www.lejournalduforkane.com\/index.php\/wp-json\/wp\/v2\/posts\/365\/revisions\/13720"}],"wp:attachment":[{"href":"https:\/\/www.lejournalduforkane.com\/index.php\/wp-json\/wp\/v2\/media?parent=365"}],"wp:term":[{"taxonomy":"category","embeddable":true,"href":"https:\/\/www.lejournalduforkane.com\/index.php\/wp-json\/wp\/v2\/categories?post=365"},{"taxonomy":"post_tag","embeddable":true,"href":"https:\/\/www.lejournalduforkane.com\/index.php\/wp-json\/wp\/v2\/tags?post=365"}],"curies":[{"name":"wp","href":"https:\/\/api.w.org\/{rel}","templated":true}]}}