
{"id":374,"date":"2018-03-05T19:48:08","date_gmt":"2018-03-05T19:48:08","guid":{"rendered":"http:\/\/190.120.228.92\/neptune\/?p=374"},"modified":"2018-03-05T19:55:24","modified_gmt":"2018-03-05T19:55:24","slug":"le-complot-contre-la-syrie","status":"publish","type":"post","link":"https:\/\/www.lejournalduforkane.com\/index.php\/le-complot-contre-la-syrie\/","title":{"rendered":"6. La Syrie : Conclusion : Pourquoi s\u2019attaquer \u00e0 la Syrie ?"},"content":{"rendered":"<p style=\"text-align: justify;\">D\u00e9stabiliser des Etats souverains\u00a0 par le changement de r\u00e9gime, on se souvient comment en 2009<!--more-->,<img loading=\"lazy\" class=\"size-medium wp-image-19562 alignleft\" src=\"https:\/\/www.lejournalduforkane.com\/wp-content\/uploads\/2016\/09\/contre-la-syrie-2-300x195.jpg\" alt=\"contre la syrie 2\" width=\"300\" height=\"195\" srcset=\"https:\/\/www.lejournalduforkane.com\/wp-content\/uploads\/2016\/09\/contre-la-syrie-2-300x195.jpg 300w, https:\/\/www.lejournalduforkane.com\/wp-content\/uploads\/2016\/09\/contre-la-syrie-2.jpg 400w\" sizes=\"(max-width: 300px) 100vw, 300px\" \/> l\u2019Iran avait r\u00e9ussit \u00e0 faire \u00e9chec \u00e0 la r\u00e9volution verte. Le bombardement du Liban, en juillet 2006 et la guerre de Gaza en 2008-2009, faisant partie aussi du plan de d\u00e9stabilisation de la r\u00e9gion et avaient pour but d\u2019affaiblir ce qu\u2019ils appellent, l\u2019axe T\u00e9h\u00e9ran-Damas-Hezbollah-Hamas.<\/p>\n<p style=\"text-align: justify;\">Apr\u00e8s tous ces \u00e9checs, on aurait pu s\u2019attendre \u00e0 un peu de sagesse du soit disant \u00ab peuple\u00a0 \u00e9lu \u00bb. Mais c\u2019est que l&rsquo;ennemi est tenace dans son combat contre Dieu, et ne s\u2019avoue pas vaincu pour si peu que \u00e7a. Ainsi pour le sionisme mondial, la Syrie fait partie d\u2019une guerre plus vaste visant l\u2019Iran, la b\u00eate noire d\u2019Isra\u00ebl. Le mouvement de contestation vise \u00e0 justifier une intervention militaire contre la Syrie.<\/p>\n<p style=\"text-align: justify;\">Les m\u00e9dias occidentaux d\u00e9crivent, les \u00e9v\u00e9nements, en Syrie, comme un \u00abmouvement de contestation pacifique\u00bb, contre le gouvernement de Bachar Al-Assad. Pourtant les preuves confirment l\u2019existence d\u2019une insurrection de groupes paramilitaires islamistes, financ\u00e9s par\u00a0 l\u2019h\u00e9r\u00e9tique Arabie Saoudite et entra\u00een\u00e9s par l\u2019OTAN. L\u2019\u00e9tape suivante est d\u2019envisager de mener une campagne militaire contre la Syrie, en vertu d\u2019un \u00abmandat humanitaire\u00bb, sous l\u2019\u00e9gide de l\u2019ONU, comme en Liby<a href=\"http:\/\/158.255.2.50\/wp-content\/uploads\/2012\/10\/mis\u00e9rable-e1350829780649.jpg\"><img loading=\"lazy\" class=\"wp-image-1413 alignright\" title=\"mis\u00e9rable\" src=\"http:\/\/158.255.2.50\/wp-content\/uploads\/2012\/10\/mis\u00e9rable-e1350829780649.jpg\" alt=\"\" width=\"297\" height=\"147\" \/><\/a>e.<\/p>\n<p style=\"text-align: justify;\">Cette attaque contre la Syrie m\u00e8nerait \u00e0 l\u2019int\u00e9gration des diff\u00e9rents th\u00e9\u00e2tres de guerres men\u00e9es par l\u2019OTAN et l\u2019Am\u00e9rique pour le compte d\u2019Isra\u00ebl. On aboutirait de fait, \u00e0 une guerre \u00e9largie contre l\u2019Islam et les Musulmans avec des conflits englobant l\u2019ensemble des r\u00e9gions arabo-musulmanes. Engloutissant une zone s\u2019\u00e9talant de l\u2019Afrique du Nord \u00e0 l\u2019Afghanistan et au Pakistan, en passant par la M\u00e9diterran\u00e9e.<\/p>\n<p style=\"text-align: left;\" align=\"center\">Notre dossier :<\/p>\n<h2 style=\"text-align: left;\" align=\"center\"><a href=\"https:\/\/www.lejournalduforkane.com\/index.php\/category\/le-complot\/\">SYRIE: LE COMPLOT<\/a><\/h2>\n<p>&nbsp;<\/p>\n","protected":false},"excerpt":{"rendered":"<p>D\u00e9stabiliser des Etats souverains\u00a0 par le changement de r\u00e9gime, on se souvient comment en 2009<\/p>\n","protected":false},"author":2,"featured_media":19561,"comment_status":"open","ping_status":"closed","sticky":false,"template":"","format":"standard","meta":[],"categories":[37],"tags":[],"_links":{"self":[{"href":"https:\/\/www.lejournalduforkane.com\/index.php\/wp-json\/wp\/v2\/posts\/374"}],"collection":[{"href":"https:\/\/www.lejournalduforkane.com\/index.php\/wp-json\/wp\/v2\/posts"}],"about":[{"href":"https:\/\/www.lejournalduforkane.com\/index.php\/wp-json\/wp\/v2\/types\/post"}],"author":[{"embeddable":true,"href":"https:\/\/www.lejournalduforkane.com\/index.php\/wp-json\/wp\/v2\/users\/2"}],"replies":[{"embeddable":true,"href":"https:\/\/www.lejournalduforkane.com\/index.php\/wp-json\/wp\/v2\/comments?post=374"}],"version-history":[{"count":5,"href":"https:\/\/www.lejournalduforkane.com\/index.php\/wp-json\/wp\/v2\/posts\/374\/revisions"}],"predecessor-version":[{"id":19564,"href":"https:\/\/www.lejournalduforkane.com\/index.php\/wp-json\/wp\/v2\/posts\/374\/revisions\/19564"}],"wp:featuredmedia":[{"embeddable":true,"href":"https:\/\/www.lejournalduforkane.com\/index.php\/wp-json\/wp\/v2\/media\/19561"}],"wp:attachment":[{"href":"https:\/\/www.lejournalduforkane.com\/index.php\/wp-json\/wp\/v2\/media?parent=374"}],"wp:term":[{"taxonomy":"category","embeddable":true,"href":"https:\/\/www.lejournalduforkane.com\/index.php\/wp-json\/wp\/v2\/categories?post=374"},{"taxonomy":"post_tag","embeddable":true,"href":"https:\/\/www.lejournalduforkane.com\/index.php\/wp-json\/wp\/v2\/tags?post=374"}],"curies":[{"name":"wp","href":"https:\/\/api.w.org\/{rel}","templated":true}]}}