
{"id":377,"date":"2017-06-27T11:01:21","date_gmt":"2017-06-27T11:01:21","guid":{"rendered":"http:\/\/190.120.228.92\/neptune\/?p=377"},"modified":"2017-06-28T18:50:28","modified_gmt":"2017-06-28T18:50:28","slug":"le-complot-contre-la-syrie-7","status":"publish","type":"post","link":"https:\/\/www.lejournalduforkane.com\/index.php\/le-complot-contre-la-syrie-7\/","title":{"rendered":"7. Le complot contre la Syrie"},"content":{"rendered":"<p style=\"text-align: justify;\"><span style=\"color: #000000;\">Depuis le milieu des ann\u00e9es 1990, une vaste guerre, au Moyen-Orient et en Asie centrale, est sur la planche \u00e0 dessin du Pentagone. <!--more-->D\u00e9stabiliser des Etats souverains\u00a0 par le changement de r\u00e9gime, on se souvient comment en 2009, l\u2019Iran avait r\u00e9ussit \u00e0 faire \u00e9chec la r\u00e9volution verte. Le bombardement du Liban, en juillet 2006 et la guerre de Gaza en 2008-2009, faisait partie aussi du plan de d\u00e9stabilisation de la r\u00e9gion et avait pour but d\u2019affaiblir ce qu\u2019ils appellent, l\u2019axe T\u00e9h\u00e9ran-Damas-Hezbollah-Hamas.<img loading=\"lazy\" class=\" wp-image-9778 alignright\" src=\"http:\/\/158.255.2.50\/wp-content\/uploads\/2012\/02\/dossier-sp\u00e9.-293x300.jpg\" alt=\"dossier sp\u00e9.\" width=\"190\" height=\"195\" srcset=\"https:\/\/www.lejournalduforkane.com\/wp-content\/uploads\/2012\/02\/dossier-sp\u00e9.-293x300.jpg 293w, https:\/\/www.lejournalduforkane.com\/wp-content\/uploads\/2012\/02\/dossier-sp\u00e9.-768x787.jpg 768w, https:\/\/www.lejournalduforkane.com\/wp-content\/uploads\/2012\/02\/dossier-sp\u00e9..jpg 937w\" sizes=\"(max-width: 190px) 100vw, 190px\" \/><\/span><\/p>\n<p style=\"text-align: justify;\"><span style=\"color: #000000;\">Apr\u00e8s tous ces \u00e9checs, on aurait pu s\u2019attendre \u00e0 un peu de sagesse du soit disant \u00ab peuple\u00a0 \u00e9lu \u00bb. Mais c\u2019est que la brute de Sion est tenace dans son combat contre Dieu, et ne s\u2019avoue pas vaincu pour si peu que \u00e7a. Ainsi pour le sionisme mondial, la Syrie fait partie d\u2019une guerre plus vaste visant l\u2019Iran, la b\u00eate noire d\u2019Isra\u00ebl. Le mouvement de contestation vise \u00e0 justifier une intervention militaire contre la Syrie.<\/span><\/p>\n<p style=\"text-align: justify;\"><span style=\"color: #000000;\">Les m\u00e9dias occidentaux d\u00e9crivent, les \u00e9v\u00e9nements, en Syrie, comme un \u00abmouvement de contestation pacifique\u00bb, contre le gouvernement de Bachar Al-Assad. Pourtant les preuves confirment l\u2019existence d\u2019une insurrection de groupes paramilitaires islamistes, financ\u00e9s par\u00a0 l\u2019h\u00e9r\u00e9tique Arabie Saoudite et entra\u00een\u00e9s par l\u2019OTAN. L\u2019\u00e9tape suivante est d\u2019envisager de mener une campagne militaire contre la Syrie, en vertu d\u2019un \u00abmandat humanitaire\u00bb, sous l\u2019\u00e9gide de l\u2019ONU, comme en Libye.<\/span><\/p>\n<p style=\"text-align: justify;\"><span style=\"color: #000000;\">Cette attaque contre la Syrie m\u00e8nerait \u00e0 l\u2019int\u00e9gration des diff\u00e9rents th\u00e9\u00e2tres de guerres men\u00e9es par l\u2019OTAN et l\u2019Am\u00e9rique pour le compte Isra\u00ebl. On aboutirait de fait, \u00e0 une guerre \u00e9largie contre l&rsquo;Islam et les Musulmans avec des conflits englobant l&rsquo;ensemble des r\u00e9gions arabo-musulmanes. Engloutissant une zone s&rsquo;\u00e9talant de l\u2019Afrique du Nord \u00e0 l\u2019Afghanistan et au Pakistan, en passant par la M\u00e9diterran\u00e9e.<\/span><\/p>\n<p align=\"center\"><span style=\"color: #000000;\"><strong>C\u2019est que le grand Isra\u00ebl, est une id\u00e9e fixe chez les sionistes. Al-Mahdi saura lutter contre l\u2019esprit d\u00e9mon qui hante ce peuple.<\/strong><\/span><\/p>\n","protected":false},"excerpt":{"rendered":"<p>Depuis le milieu des ann\u00e9es 1990, une vaste guerre, au Moyen-Orient et en Asie centrale, est sur la planche \u00e0 dessin du Pentagone.<\/p>\n","protected":false},"author":2,"featured_media":0,"comment_status":"open","ping_status":"closed","sticky":false,"template":"","format":"standard","meta":[],"categories":[37],"tags":[],"_links":{"self":[{"href":"https:\/\/www.lejournalduforkane.com\/index.php\/wp-json\/wp\/v2\/posts\/377"}],"collection":[{"href":"https:\/\/www.lejournalduforkane.com\/index.php\/wp-json\/wp\/v2\/posts"}],"about":[{"href":"https:\/\/www.lejournalduforkane.com\/index.php\/wp-json\/wp\/v2\/types\/post"}],"author":[{"embeddable":true,"href":"https:\/\/www.lejournalduforkane.com\/index.php\/wp-json\/wp\/v2\/users\/2"}],"replies":[{"embeddable":true,"href":"https:\/\/www.lejournalduforkane.com\/index.php\/wp-json\/wp\/v2\/comments?post=377"}],"version-history":[{"count":6,"href":"https:\/\/www.lejournalduforkane.com\/index.php\/wp-json\/wp\/v2\/posts\/377\/revisions"}],"predecessor-version":[{"id":16869,"href":"https:\/\/www.lejournalduforkane.com\/index.php\/wp-json\/wp\/v2\/posts\/377\/revisions\/16869"}],"wp:attachment":[{"href":"https:\/\/www.lejournalduforkane.com\/index.php\/wp-json\/wp\/v2\/media?parent=377"}],"wp:term":[{"taxonomy":"category","embeddable":true,"href":"https:\/\/www.lejournalduforkane.com\/index.php\/wp-json\/wp\/v2\/categories?post=377"},{"taxonomy":"post_tag","embeddable":true,"href":"https:\/\/www.lejournalduforkane.com\/index.php\/wp-json\/wp\/v2\/tags?post=377"}],"curies":[{"name":"wp","href":"https:\/\/api.w.org\/{rel}","templated":true}]}}