
{"id":3771,"date":"2016-07-26T19:17:33","date_gmt":"2016-07-26T19:17:33","guid":{"rendered":"https:\/\/www.lejournalduforkane.com\/?p=3771"},"modified":"2016-07-26T19:19:40","modified_gmt":"2016-07-26T19:19:40","slug":"cohabitation-entre-islam-et-christianisme-au-moyen-orient","status":"publish","type":"post","link":"https:\/\/www.lejournalduforkane.com\/index.php\/cohabitation-entre-islam-et-christianisme-au-moyen-orient\/","title":{"rendered":"Cohabitation entre Islam et Christianisme au Moyen Orient"},"content":{"rendered":"<p style=\"text-align: justify;\"><!--more-->L&rsquo;interview radio accord\u00e9 par Ali Dani et le Journal du Forkane \u00e0 la Radio Sputnik.<\/p>\n<p style=\"text-align: justify;\">Le R\u00e9dacteur en chef du Journal du Forkane a r\u00e9pondu aux diff\u00e9rentes questions de la radio Russe : Cohabitation Musulmans \/Chr\u00e9tiens au Moyen-Orient, Situation des Chr\u00e9tiens, Dangers de Daesh &#8230;.<\/p>\n<p><iframe loading=\"lazy\" src=\"https:\/\/www.youtube.com\/embed\/aEY6C0IsQQ0\" width=\"560\" height=\"315\" frameborder=\"0\" allowfullscreen=\"allowfullscreen\"><\/iframe><\/p>\n<p>&nbsp;<\/p>\n","protected":false},"excerpt":{"rendered":"L'interview radio accord\u00e9 par Ali Dani et le Journal du Forkane \u00e0 la Radio Sputnik. Le R\u00e9dacteur en chef du Journal du Forkane a r\u00e9pondu aux diff\u00e9rentes questions de la","protected":false},"author":2,"featured_media":0,"comment_status":"open","ping_status":"closed","sticky":false,"template":"","format":"standard","meta":[],"categories":[],"tags":[],"_links":{"self":[{"href":"https:\/\/www.lejournalduforkane.com\/index.php\/wp-json\/wp\/v2\/posts\/3771"}],"collection":[{"href":"https:\/\/www.lejournalduforkane.com\/index.php\/wp-json\/wp\/v2\/posts"}],"about":[{"href":"https:\/\/www.lejournalduforkane.com\/index.php\/wp-json\/wp\/v2\/types\/post"}],"author":[{"embeddable":true,"href":"https:\/\/www.lejournalduforkane.com\/index.php\/wp-json\/wp\/v2\/users\/2"}],"replies":[{"embeddable":true,"href":"https:\/\/www.lejournalduforkane.com\/index.php\/wp-json\/wp\/v2\/comments?post=3771"}],"version-history":[{"count":2,"href":"https:\/\/www.lejournalduforkane.com\/index.php\/wp-json\/wp\/v2\/posts\/3771\/revisions"}],"predecessor-version":[{"id":12308,"href":"https:\/\/www.lejournalduforkane.com\/index.php\/wp-json\/wp\/v2\/posts\/3771\/revisions\/12308"}],"wp:attachment":[{"href":"https:\/\/www.lejournalduforkane.com\/index.php\/wp-json\/wp\/v2\/media?parent=3771"}],"wp:term":[{"taxonomy":"category","embeddable":true,"href":"https:\/\/www.lejournalduforkane.com\/index.php\/wp-json\/wp\/v2\/categories?post=3771"},{"taxonomy":"post_tag","embeddable":true,"href":"https:\/\/www.lejournalduforkane.com\/index.php\/wp-json\/wp\/v2\/tags?post=3771"}],"curies":[{"name":"wp","href":"https:\/\/api.w.org\/{rel}","templated":true}]}}