
{"id":4928,"date":"2015-04-28T17:30:58","date_gmt":"2015-04-28T17:30:58","guid":{"rendered":"https:\/\/www.lejournalduforkane.com\/?p=4928"},"modified":"2015-04-28T17:30:58","modified_gmt":"2015-04-28T17:30:58","slug":"video-emeutes-a-baltimore-aux-usa-lamerique-senfonce-t-elle-dans-laffrontement-ethnique","status":"publish","type":"post","link":"https:\/\/www.lejournalduforkane.com\/index.php\/video-emeutes-a-baltimore-aux-usa-lamerique-senfonce-t-elle-dans-laffrontement-ethnique\/","title":{"rendered":"VIDEO:  \u00c9meutes \u00e0 Baltimore aux USA, l&rsquo;Am\u00e9rique s&rsquo;enfonce-t-elle dans l&rsquo;affrontement ethnique ?"},"content":{"rendered":"<p><!--more--><iframe loading=\"lazy\" src=\"https:\/\/www.youtube.com\/embed\/uObraGcVpaQ\" width=\"560\" height=\"315\" frameborder=\"0\" allowfullscreen=\"allowfullscreen\"><\/iframe><\/p>\n","protected":false},"excerpt":{"rendered":"","protected":false},"author":2,"featured_media":0,"comment_status":"open","ping_status":"closed","sticky":false,"template":"","format":"standard","meta":[],"categories":[],"tags":[],"_links":{"self":[{"href":"https:\/\/www.lejournalduforkane.com\/index.php\/wp-json\/wp\/v2\/posts\/4928"}],"collection":[{"href":"https:\/\/www.lejournalduforkane.com\/index.php\/wp-json\/wp\/v2\/posts"}],"about":[{"href":"https:\/\/www.lejournalduforkane.com\/index.php\/wp-json\/wp\/v2\/types\/post"}],"author":[{"embeddable":true,"href":"https:\/\/www.lejournalduforkane.com\/index.php\/wp-json\/wp\/v2\/users\/2"}],"replies":[{"embeddable":true,"href":"https:\/\/www.lejournalduforkane.com\/index.php\/wp-json\/wp\/v2\/comments?post=4928"}],"version-history":[{"count":0,"href":"https:\/\/www.lejournalduforkane.com\/index.php\/wp-json\/wp\/v2\/posts\/4928\/revisions"}],"wp:attachment":[{"href":"https:\/\/www.lejournalduforkane.com\/index.php\/wp-json\/wp\/v2\/media?parent=4928"}],"wp:term":[{"taxonomy":"category","embeddable":true,"href":"https:\/\/www.lejournalduforkane.com\/index.php\/wp-json\/wp\/v2\/categories?post=4928"},{"taxonomy":"post_tag","embeddable":true,"href":"https:\/\/www.lejournalduforkane.com\/index.php\/wp-json\/wp\/v2\/tags?post=4928"}],"curies":[{"name":"wp","href":"https:\/\/api.w.org\/{rel}","templated":true}]}}