
{"id":5005,"date":"2016-09-25T08:16:35","date_gmt":"2016-09-25T08:16:35","guid":{"rendered":"https:\/\/www.lejournalduforkane.com\/?p=5005"},"modified":"2016-09-25T08:16:19","modified_gmt":"2016-09-25T08:16:19","slug":"video-al-jazeera-la-chaine-du-grand-satan","status":"publish","type":"post","link":"https:\/\/www.lejournalduforkane.com\/index.php\/video-al-jazeera-la-chaine-du-grand-satan\/","title":{"rendered":"[vid\u00e9o] Al Jazeera, la cha\u00eene du grand Satan"},"content":{"rendered":"<p style=\"text-align: justify;\"><!--more--><img loading=\"lazy\" class=\" alignright\" src=\"http:\/\/158.255.2.50\/wp-content\/uploads\/2015\/05\/al-jazira-2-e1431356376170.jpg\" alt=\"\" width=\"214\" height=\"138\" \/>La cha\u00eene satanique Al Jazeera appelle au g\u00e9nocide des alaouites par son pr\u00e9sentateur syrien Faycal al Qassem.<\/p>\n<p style=\"text-align: justify;\">Al Jazeera pr\u00e9f\u00e8re consacrer son temps \u00e0 appuyer l\u2019opposition en Syrie et \u00e0 inciter la population contre le r\u00e9gime l\u00e0 bas, en d\u00e9pit des r\u00e9formes effectu\u00e9es par le pr\u00e9sident syrien. Les pr\u00e9sentateurs des nouvelles passent leur temps \u00e0 pousser les opposants \u00e0 descendre dans la rue et \u00e0 ne pas c\u00e9der au r\u00e9gime de Bachar al Assad&#8230;<\/p>\n<p style=\"text-align: justify;\"><a href=\"https:\/\/www.lejournalduforkane.com\/al-jazeera-la-chaine-du-grand-satan\/\">https:\/\/www.lejournalduforkane.com\/al-jazeera-la-chaine-du-grand-satan\/<\/a><\/p>\n<p><iframe loading=\"lazy\" src=\"https:\/\/www.youtube.com\/embed\/ULtNYSUqYHw\" width=\"560\" height=\"315\" frameborder=\"0\" allowfullscreen=\"allowfullscreen\"><\/iframe><\/p>\n","protected":false},"excerpt":{"rendered":"La cha\u00eene satanique Al Jazeera appelle au g\u00e9nocide des alaouites par son pr\u00e9sentateur syrien Faycal al Qassem. Al Jazeera pr\u00e9f\u00e8re consacrer son temps \u00e0 appuyer l\u2019opposition en Syrie et \u00e0","protected":false},"author":2,"featured_media":0,"comment_status":"open","ping_status":"closed","sticky":false,"template":"","format":"standard","meta":[],"categories":[],"tags":[],"_links":{"self":[{"href":"https:\/\/www.lejournalduforkane.com\/index.php\/wp-json\/wp\/v2\/posts\/5005"}],"collection":[{"href":"https:\/\/www.lejournalduforkane.com\/index.php\/wp-json\/wp\/v2\/posts"}],"about":[{"href":"https:\/\/www.lejournalduforkane.com\/index.php\/wp-json\/wp\/v2\/types\/post"}],"author":[{"embeddable":true,"href":"https:\/\/www.lejournalduforkane.com\/index.php\/wp-json\/wp\/v2\/users\/2"}],"replies":[{"embeddable":true,"href":"https:\/\/www.lejournalduforkane.com\/index.php\/wp-json\/wp\/v2\/comments?post=5005"}],"version-history":[{"count":1,"href":"https:\/\/www.lejournalduforkane.com\/index.php\/wp-json\/wp\/v2\/posts\/5005\/revisions"}],"predecessor-version":[{"id":13157,"href":"https:\/\/www.lejournalduforkane.com\/index.php\/wp-json\/wp\/v2\/posts\/5005\/revisions\/13157"}],"wp:attachment":[{"href":"https:\/\/www.lejournalduforkane.com\/index.php\/wp-json\/wp\/v2\/media?parent=5005"}],"wp:term":[{"taxonomy":"category","embeddable":true,"href":"https:\/\/www.lejournalduforkane.com\/index.php\/wp-json\/wp\/v2\/categories?post=5005"},{"taxonomy":"post_tag","embeddable":true,"href":"https:\/\/www.lejournalduforkane.com\/index.php\/wp-json\/wp\/v2\/tags?post=5005"}],"curies":[{"name":"wp","href":"https:\/\/api.w.org\/{rel}","templated":true}]}}