
{"id":5097,"date":"2017-08-29T18:43:28","date_gmt":"2017-08-29T18:43:28","guid":{"rendered":"https:\/\/www.lejournalduforkane.com\/?p=5097"},"modified":"2017-08-29T18:46:18","modified_gmt":"2017-08-29T18:46:18","slug":"pourquoi-les-soi-disant-defenseurs-des-droits-de-lhomme-se-taisent-sur-le-sort-des-musulmans-du-myanmar","status":"publish","type":"post","link":"https:\/\/www.lejournalduforkane.com\/index.php\/pourquoi-les-soi-disant-defenseurs-des-droits-de-lhomme-se-taisent-sur-le-sort-des-musulmans-du-myanmar\/","title":{"rendered":"Pourquoi les soi-disant d\u00e9fenseurs des droits de l&rsquo;homme se taisent sur le sort des musulmans du Myanmar ?"},"content":{"rendered":"<p style=\"text-align: justify;\"><!--more-->La souffrance et le calvaire des musulmans du Myanmar (Birmanie), appel\u00e9s Rohingy<a href=\"http:\/\/158.255.2.50\/wp-content\/uploads\/2015\/05\/birmanie-1.jpg\"><img loading=\"lazy\" class=\" wp-image-5099 alignright\" src=\"http:\/\/158.255.2.50\/wp-content\/uploads\/2015\/05\/birmanie-1.jpg\" alt=\"birmanie 1\" width=\"208\" height=\"109\" \/><\/a>as continuent dans l\u2019indiff\u00e9rence g\u00e9n\u00e9rale. Ils se font massacr\u00e9s par l\u2019arm\u00e9e birmane et les bouddhistes qui pr\u00eachent pourtant la paix et la non violence soi-disant.<\/p>\n<p style=\"text-align: justify;\">Le gouvernement du Myanmar leur refuse la citoyennet\u00e9 alors qu\u2019ils sont pr\u00e9sents dans ce pays depuis des centaines d&rsquo;a<span class=\"text_exposed_show\">nn\u00e9es.<\/span><\/p>\n<div class=\"text_exposed_show\">\n<p style=\"text-align: justify;\">L\u2019\u00e9g\u00e9rie Aung San Suu Kyi, les appelle \u00e0 quitter le pays.<br \/>\nPersonne ne leur vient en aide, les pays musulmans de la r\u00e9gion les laissent crever, alors pour fuir les massacres et le g\u00e9nocide en cour<a href=\"http:\/\/158.255.2.50\/wp-content\/uploads\/2015\/05\/birmanie-3.jpg\"><img loading=\"lazy\" class=\" wp-image-5100 alignleft\" src=\"http:\/\/158.255.2.50\/wp-content\/uploads\/2015\/05\/birmanie-3.jpg\" alt=\"birmanie 3\" width=\"190\" height=\"99\" \/><\/a>s ils construisent des bateaux de fortunes, c\u2019est le retour des boat-people\u2026. Image que l\u2019on croyaient disparus\u2026.<\/p>\n<p style=\"text-align: justify;\">Seul l\u2019Iran leur vient en aide qui a ouvert une ambassade en Birmanie afin d\u2019envoyer de l\u2019aide aux Musulmans.<\/p>\n<p style=\"text-align: justify;\">Pour lire notre dossier sp\u00e9cial sur ce sujet sur notre site :<br \/>\n==&gt; La pers\u00e9cution des Musulmans en Asie : <a href=\"http:\/\/l.facebook.com\/l.php?u=http%3A%2F%2Fbit.ly%2F1QYg6DK&amp;h=JAQHyT_yG&amp;enc=AZPv-cfMhGz1rQGPUuW-IFtsNM3YSQW0fB8BCPQwZlInhCVC9tRVodIhWeBy00RJ_SbMpHnCTn42cvXpdvpO19UCtJD_SnBN_l5X6Jy1CsxwEvrhovBb8rVKRv5HPeNFUieSAmhMYLsyGk6jwbLIIjEDfnzrWFhdiAcmJhuFPI1zP_JHzrgGdDkuBu9RKCxA9YJX3Nhpz5DCJtS0I9Uro4EY&amp;s=1\" target=\"_blank\" rel=\"nofollow\">bit.ly\/1QYg6DK<\/a><br \/>\n==&gt; La R\u00e9publique islamique d\u2019Iran au secours des Musulmans : <a href=\"http:\/\/bit.ly\/1PuBkvN\" target=\"_blank\" rel=\"nofollow\">bit.ly\/1PuBkvN<\/a><\/p>\n<p style=\"text-align: justify;\"><img loading=\"lazy\" class=\"\" src=\"http:\/\/158.255.2.50\/wp-content\/uploads\/2015\/05\/birmanie-2.jpg\" alt=\"\" width=\"277\" height=\"156\" \/><\/p>\n<\/div>\n","protected":false},"excerpt":{"rendered":"La souffrance et le calvaire des musulmans du Myanmar (Birmanie), appel\u00e9s Rohingyas continuent dans l\u2019indiff\u00e9rence g\u00e9n\u00e9rale. Ils se font massacr\u00e9s par l\u2019arm\u00e9e birmane et les bouddhistes qui pr\u00eachent pourtant la","protected":false},"author":2,"featured_media":0,"comment_status":"open","ping_status":"closed","sticky":false,"template":"","format":"standard","meta":[],"categories":[2],"tags":[],"_links":{"self":[{"href":"https:\/\/www.lejournalduforkane.com\/index.php\/wp-json\/wp\/v2\/posts\/5097"}],"collection":[{"href":"https:\/\/www.lejournalduforkane.com\/index.php\/wp-json\/wp\/v2\/posts"}],"about":[{"href":"https:\/\/www.lejournalduforkane.com\/index.php\/wp-json\/wp\/v2\/types\/post"}],"author":[{"embeddable":true,"href":"https:\/\/www.lejournalduforkane.com\/index.php\/wp-json\/wp\/v2\/users\/2"}],"replies":[{"embeddable":true,"href":"https:\/\/www.lejournalduforkane.com\/index.php\/wp-json\/wp\/v2\/comments?post=5097"}],"version-history":[{"count":1,"href":"https:\/\/www.lejournalduforkane.com\/index.php\/wp-json\/wp\/v2\/posts\/5097\/revisions"}],"predecessor-version":[{"id":11720,"href":"https:\/\/www.lejournalduforkane.com\/index.php\/wp-json\/wp\/v2\/posts\/5097\/revisions\/11720"}],"wp:attachment":[{"href":"https:\/\/www.lejournalduforkane.com\/index.php\/wp-json\/wp\/v2\/media?parent=5097"}],"wp:term":[{"taxonomy":"category","embeddable":true,"href":"https:\/\/www.lejournalduforkane.com\/index.php\/wp-json\/wp\/v2\/categories?post=5097"},{"taxonomy":"post_tag","embeddable":true,"href":"https:\/\/www.lejournalduforkane.com\/index.php\/wp-json\/wp\/v2\/tags?post=5097"}],"curies":[{"name":"wp","href":"https:\/\/api.w.org\/{rel}","templated":true}]}}