
{"id":5212,"date":"2015-05-27T06:32:09","date_gmt":"2015-05-27T06:32:09","guid":{"rendered":"https:\/\/www.lejournalduforkane.com\/?p=5212"},"modified":"2015-05-27T06:32:09","modified_gmt":"2015-05-27T06:32:09","slug":"video-est-ce-que-les-avions-israeliens-ont-participe-aux-bombardements-du-yemen","status":"publish","type":"post","link":"https:\/\/www.lejournalduforkane.com\/index.php\/video-est-ce-que-les-avions-israeliens-ont-participe-aux-bombardements-du-yemen\/","title":{"rendered":"VID\u00c9O: Est-ce que les avions isra\u00e9liens ont particip\u00e9 aux bombardements du Y\u00e9men ?"},"content":{"rendered":"<div class=\"_5pbx userContent\" data-ft=\"{&quot;tn&quot;:&quot;K&quot;}\">\n<p><!--more--><\/p>\n<p>Est-ce que les avions isra\u00e9liens ont particip\u00e9 aux bombardements du Y\u00e9men ?<\/p>\n<p>L&rsquo;expert am\u00e9ricain Gordon Dove r\u00e9v\u00e8le qu&rsquo;un avion isra\u00e9lien peint aux couleurs de l&rsquo;arm\u00e9e de l&rsquo;air saoudienne a largu\u00e9 des bombes \u00e0 neutrons sur le Y\u00e9men, la semaine derni\u00e8re.<br \/>\n<iframe loading=\"lazy\" src=\"https:\/\/www.youtube.com\/embed\/SH4AZ9DVsgo\" width=\"560\" height=\"315\" frameborder=\"0\" allowfullscreen=\"allowfullscreen\"><\/iframe><\/p>\n<p><img loading=\"lazy\" class=\"\" src=\"http:\/\/158.255.2.50\/wp-content\/uploads\/2015\/05\/avion.jpg\" alt=\"\" width=\"244\" height=\"163\" \/><\/p>\n<\/div>\n","protected":false},"excerpt":{"rendered":"Est-ce que les avions isra\u00e9liens ont particip\u00e9 aux bombardements du Y\u00e9men ? L'expert am\u00e9ricain Gordon Dove r\u00e9v\u00e8le qu'un avion isra\u00e9lien peint aux couleurs de l'arm\u00e9e de l'air saoudienne a largu\u00e9","protected":false},"author":2,"featured_media":0,"comment_status":"open","ping_status":"closed","sticky":false,"template":"","format":"standard","meta":[],"categories":[],"tags":[],"_links":{"self":[{"href":"https:\/\/www.lejournalduforkane.com\/index.php\/wp-json\/wp\/v2\/posts\/5212"}],"collection":[{"href":"https:\/\/www.lejournalduforkane.com\/index.php\/wp-json\/wp\/v2\/posts"}],"about":[{"href":"https:\/\/www.lejournalduforkane.com\/index.php\/wp-json\/wp\/v2\/types\/post"}],"author":[{"embeddable":true,"href":"https:\/\/www.lejournalduforkane.com\/index.php\/wp-json\/wp\/v2\/users\/2"}],"replies":[{"embeddable":true,"href":"https:\/\/www.lejournalduforkane.com\/index.php\/wp-json\/wp\/v2\/comments?post=5212"}],"version-history":[{"count":0,"href":"https:\/\/www.lejournalduforkane.com\/index.php\/wp-json\/wp\/v2\/posts\/5212\/revisions"}],"wp:attachment":[{"href":"https:\/\/www.lejournalduforkane.com\/index.php\/wp-json\/wp\/v2\/media?parent=5212"}],"wp:term":[{"taxonomy":"category","embeddable":true,"href":"https:\/\/www.lejournalduforkane.com\/index.php\/wp-json\/wp\/v2\/categories?post=5212"},{"taxonomy":"post_tag","embeddable":true,"href":"https:\/\/www.lejournalduforkane.com\/index.php\/wp-json\/wp\/v2\/tags?post=5212"}],"curies":[{"name":"wp","href":"https:\/\/api.w.org\/{rel}","templated":true}]}}