
{"id":5546,"date":"2015-06-15T14:27:48","date_gmt":"2015-06-15T14:27:48","guid":{"rendered":"https:\/\/www.lejournalduforkane.com\/?p=5546"},"modified":"2015-06-15T14:27:48","modified_gmt":"2015-06-15T14:27:48","slug":"le-secretaire-general-adjoint-du-hezbollah-le-cheikh-naim-qassem-au-combat","status":"publish","type":"post","link":"https:\/\/www.lejournalduforkane.com\/index.php\/le-secretaire-general-adjoint-du-hezbollah-le-cheikh-naim-qassem-au-combat\/","title":{"rendered":"Le secr\u00e9taire g\u00e9n\u00e9ral adjoint du Hezbollah, le Cheikh Naim Qassem au combat&#8230;"},"content":{"rendered":"<p><!--more--><\/p>\n<p><a href=\"http:\/\/158.255.2.50\/wp-content\/uploads\/2015\/06\/secr\u00e9taire-g\u00e9n\u00e9ral.jpg\"><img loading=\"lazy\" class=\"alignnone size-full wp-image-5547\" src=\"http:\/\/158.255.2.50\/wp-content\/uploads\/2015\/06\/secr\u00e9taire-g\u00e9n\u00e9ral.jpg\" alt=\"secr\u00e9taire g\u00e9n\u00e9ral\" width=\"352\" height=\"556\" \/><\/a><\/p>\n","protected":false},"excerpt":{"rendered":"","protected":false},"author":2,"featured_media":0,"comment_status":"open","ping_status":"closed","sticky":false,"template":"","format":"standard","meta":[],"categories":[],"tags":[],"_links":{"self":[{"href":"https:\/\/www.lejournalduforkane.com\/index.php\/wp-json\/wp\/v2\/posts\/5546"}],"collection":[{"href":"https:\/\/www.lejournalduforkane.com\/index.php\/wp-json\/wp\/v2\/posts"}],"about":[{"href":"https:\/\/www.lejournalduforkane.com\/index.php\/wp-json\/wp\/v2\/types\/post"}],"author":[{"embeddable":true,"href":"https:\/\/www.lejournalduforkane.com\/index.php\/wp-json\/wp\/v2\/users\/2"}],"replies":[{"embeddable":true,"href":"https:\/\/www.lejournalduforkane.com\/index.php\/wp-json\/wp\/v2\/comments?post=5546"}],"version-history":[{"count":0,"href":"https:\/\/www.lejournalduforkane.com\/index.php\/wp-json\/wp\/v2\/posts\/5546\/revisions"}],"wp:attachment":[{"href":"https:\/\/www.lejournalduforkane.com\/index.php\/wp-json\/wp\/v2\/media?parent=5546"}],"wp:term":[{"taxonomy":"category","embeddable":true,"href":"https:\/\/www.lejournalduforkane.com\/index.php\/wp-json\/wp\/v2\/categories?post=5546"},{"taxonomy":"post_tag","embeddable":true,"href":"https:\/\/www.lejournalduforkane.com\/index.php\/wp-json\/wp\/v2\/tags?post=5546"}],"curies":[{"name":"wp","href":"https:\/\/api.w.org\/{rel}","templated":true}]}}