
{"id":5675,"date":"2015-06-20T14:47:34","date_gmt":"2015-06-20T14:47:34","guid":{"rendered":"https:\/\/www.lejournalduforkane.com\/?p=5675"},"modified":"2015-06-20T14:47:34","modified_gmt":"2015-06-20T14:47:34","slug":"des-palestiniens-escaladant-le-mur-dapartheid-israelien","status":"publish","type":"post","link":"https:\/\/www.lejournalduforkane.com\/index.php\/des-palestiniens-escaladant-le-mur-dapartheid-israelien\/","title":{"rendered":"[VIDEO] Des Palestiniens escaladant le mur d&rsquo;apartheid isra\u00e9lien"},"content":{"rendered":"<p><!--more--><\/p>\n<p>[ Vid\u00e9o exclusive ] Des Palestiniens escaladant le mur d&rsquo;apartheid isra\u00e9lien, pour pouvoir se rendre \u00e0 la 1ere pri\u00e8re du vendredi du mois b\u00e9ni de Ramadhan, dans la ville sainte de J\u00e9rusalem occup\u00e9e (Al Qods)<\/p>\n<p><iframe loading=\"lazy\" src=\"https:\/\/www.youtube.com\/embed\/hMdd5SQNypE\" width=\"560\" height=\"315\" frameborder=\"0\" allowfullscreen=\"allowfullscreen\"><\/iframe><\/p>\n<p><a href=\"http:\/\/158.255.2.50\/wp-content\/uploads\/2015\/06\/mur.jpg\"><img loading=\"lazy\" class=\"alignnone size-full wp-image-5676\" src=\"http:\/\/158.255.2.50\/wp-content\/uploads\/2015\/06\/mur.jpg\" alt=\"mur\" width=\"320\" height=\"240\" \/><\/a><\/p>\n","protected":false},"excerpt":{"rendered":"[ Vid\u00e9o exclusive ] Des Palestiniens escaladant le mur d'apartheid isra\u00e9lien, pour pouvoir se rendre \u00e0 la 1ere pri\u00e8re du vendredi du mois b\u00e9ni de Ramadhan, dans la ville sainte","protected":false},"author":2,"featured_media":0,"comment_status":"open","ping_status":"closed","sticky":false,"template":"","format":"standard","meta":[],"categories":[],"tags":[],"_links":{"self":[{"href":"https:\/\/www.lejournalduforkane.com\/index.php\/wp-json\/wp\/v2\/posts\/5675"}],"collection":[{"href":"https:\/\/www.lejournalduforkane.com\/index.php\/wp-json\/wp\/v2\/posts"}],"about":[{"href":"https:\/\/www.lejournalduforkane.com\/index.php\/wp-json\/wp\/v2\/types\/post"}],"author":[{"embeddable":true,"href":"https:\/\/www.lejournalduforkane.com\/index.php\/wp-json\/wp\/v2\/users\/2"}],"replies":[{"embeddable":true,"href":"https:\/\/www.lejournalduforkane.com\/index.php\/wp-json\/wp\/v2\/comments?post=5675"}],"version-history":[{"count":0,"href":"https:\/\/www.lejournalduforkane.com\/index.php\/wp-json\/wp\/v2\/posts\/5675\/revisions"}],"wp:attachment":[{"href":"https:\/\/www.lejournalduforkane.com\/index.php\/wp-json\/wp\/v2\/media?parent=5675"}],"wp:term":[{"taxonomy":"category","embeddable":true,"href":"https:\/\/www.lejournalduforkane.com\/index.php\/wp-json\/wp\/v2\/categories?post=5675"},{"taxonomy":"post_tag","embeddable":true,"href":"https:\/\/www.lejournalduforkane.com\/index.php\/wp-json\/wp\/v2\/tags?post=5675"}],"curies":[{"name":"wp","href":"https:\/\/api.w.org\/{rel}","templated":true}]}}