
{"id":5725,"date":"2017-04-15T10:02:10","date_gmt":"2017-04-15T10:02:10","guid":{"rendered":"https:\/\/www.lejournalduforkane.com\/?p=5725"},"modified":"2017-04-16T13:32:23","modified_gmt":"2017-04-16T13:32:23","slug":"irakiens-chretiens-et-musulmans-unis-contre-daesh","status":"publish","type":"post","link":"https:\/\/www.lejournalduforkane.com\/index.php\/irakiens-chretiens-et-musulmans-unis-contre-daesh\/","title":{"rendered":"Irakiens Chr\u00e9tiens et Musulmans unis contre Daesh"},"content":{"rendered":"<p style=\"text-align: justify;\"><!--more-->Ali Dani et le Journal du Forkane vous montrent des vid\u00e9os dont aucun m\u00e9dia ne publie.<\/p>\n<p style=\"text-align: justify;\">Voici une vid\u00e9o qui m\u00e9rite d&rsquo;\u00eatre vue et montr\u00e9e !!! Une unit\u00e9 de combattants chr\u00e9tiens irakiens (les Babyloniens) rejoignent les rangs de l&rsquo;Arm\u00e9e du Mahdi (AS) pour combattre les terroristes salafistes de Daesh.<\/p>\n<div class=\"text_exposed_show\">\n<p style=\"text-align: justify;\">Ils se sont jur\u00e9s de lib\u00e9rer les \u00e9glises prises par Daesh.<\/p>\n<p style=\"text-align: justify;\">Ces chr\u00e9tiens se disent pr\u00eats \u00e0 intervenir au Y\u00e9men pour sauver leurs fr\u00e8res de la maudite Arabie.<\/p>\n<p><iframe loading=\"lazy\" src=\"https:\/\/www.youtube.com\/embed\/XtHpf7HhKt8\" width=\"560\" height=\"315\" frameborder=\"0\" allowfullscreen=\"allowfullscreen\"><\/iframe><\/p>\n<p>&nbsp;<\/p>\n<\/div>\n","protected":false},"excerpt":{"rendered":"Ali Dani et le Journal du Forkane vous montrent des vid\u00e9os dont aucun m\u00e9dia ne publie. Voici une vid\u00e9o qui m\u00e9rite d'\u00eatre vue et montr\u00e9e !!! Une unit\u00e9 de combattants","protected":false},"author":2,"featured_media":0,"comment_status":"open","ping_status":"closed","sticky":false,"template":"","format":"standard","meta":[],"categories":[49],"tags":[],"_links":{"self":[{"href":"https:\/\/www.lejournalduforkane.com\/index.php\/wp-json\/wp\/v2\/posts\/5725"}],"collection":[{"href":"https:\/\/www.lejournalduforkane.com\/index.php\/wp-json\/wp\/v2\/posts"}],"about":[{"href":"https:\/\/www.lejournalduforkane.com\/index.php\/wp-json\/wp\/v2\/types\/post"}],"author":[{"embeddable":true,"href":"https:\/\/www.lejournalduforkane.com\/index.php\/wp-json\/wp\/v2\/users\/2"}],"replies":[{"embeddable":true,"href":"https:\/\/www.lejournalduforkane.com\/index.php\/wp-json\/wp\/v2\/comments?post=5725"}],"version-history":[{"count":2,"href":"https:\/\/www.lejournalduforkane.com\/index.php\/wp-json\/wp\/v2\/posts\/5725\/revisions"}],"predecessor-version":[{"id":16077,"href":"https:\/\/www.lejournalduforkane.com\/index.php\/wp-json\/wp\/v2\/posts\/5725\/revisions\/16077"}],"wp:attachment":[{"href":"https:\/\/www.lejournalduforkane.com\/index.php\/wp-json\/wp\/v2\/media?parent=5725"}],"wp:term":[{"taxonomy":"category","embeddable":true,"href":"https:\/\/www.lejournalduforkane.com\/index.php\/wp-json\/wp\/v2\/categories?post=5725"},{"taxonomy":"post_tag","embeddable":true,"href":"https:\/\/www.lejournalduforkane.com\/index.php\/wp-json\/wp\/v2\/tags?post=5725"}],"curies":[{"name":"wp","href":"https:\/\/api.w.org\/{rel}","templated":true}]}}