
{"id":5823,"date":"2015-06-26T15:49:11","date_gmt":"2015-06-26T15:49:11","guid":{"rendered":"https:\/\/www.lejournalduforkane.com\/?p=5823"},"modified":"2015-06-26T15:49:11","modified_gmt":"2015-06-26T15:49:11","slug":"video-une-roquette-de-la-resistance-yemenite-detruit-un-tank-sur-une-base-militaire-saoudienne","status":"publish","type":"post","link":"https:\/\/www.lejournalduforkane.com\/index.php\/video-une-roquette-de-la-resistance-yemenite-detruit-un-tank-sur-une-base-militaire-saoudienne\/","title":{"rendered":"Vid\u00e9o] Une roquette de la R\u00e9sistance Y\u00e9m\u00e9nite d\u00e9truit un tank sur une base militaire saoudienne."},"content":{"rendered":"<p><!--more--><\/p>\n<p><iframe loading=\"lazy\" src=\"https:\/\/www.youtube.com\/embed\/TmsM8ezgJDA\" width=\"560\" height=\"315\" frameborder=\"0\" allowfullscreen=\"allowfullscreen\"><\/iframe><\/p>\n","protected":false},"excerpt":{"rendered":"","protected":false},"author":2,"featured_media":0,"comment_status":"open","ping_status":"closed","sticky":false,"template":"","format":"standard","meta":[],"categories":[],"tags":[],"_links":{"self":[{"href":"https:\/\/www.lejournalduforkane.com\/index.php\/wp-json\/wp\/v2\/posts\/5823"}],"collection":[{"href":"https:\/\/www.lejournalduforkane.com\/index.php\/wp-json\/wp\/v2\/posts"}],"about":[{"href":"https:\/\/www.lejournalduforkane.com\/index.php\/wp-json\/wp\/v2\/types\/post"}],"author":[{"embeddable":true,"href":"https:\/\/www.lejournalduforkane.com\/index.php\/wp-json\/wp\/v2\/users\/2"}],"replies":[{"embeddable":true,"href":"https:\/\/www.lejournalduforkane.com\/index.php\/wp-json\/wp\/v2\/comments?post=5823"}],"version-history":[{"count":0,"href":"https:\/\/www.lejournalduforkane.com\/index.php\/wp-json\/wp\/v2\/posts\/5823\/revisions"}],"wp:attachment":[{"href":"https:\/\/www.lejournalduforkane.com\/index.php\/wp-json\/wp\/v2\/media?parent=5823"}],"wp:term":[{"taxonomy":"category","embeddable":true,"href":"https:\/\/www.lejournalduforkane.com\/index.php\/wp-json\/wp\/v2\/categories?post=5823"},{"taxonomy":"post_tag","embeddable":true,"href":"https:\/\/www.lejournalduforkane.com\/index.php\/wp-json\/wp\/v2\/tags?post=5823"}],"curies":[{"name":"wp","href":"https:\/\/api.w.org\/{rel}","templated":true}]}}